{"id":827,"date":"2020-03-03T14:18:00","date_gmt":"2020-03-03T13:18:00","guid":{"rendered":"https:\/\/ligawl.pl\/?p=827"},"modified":"2020-04-02T14:23:09","modified_gmt":"2020-04-02T12:23:09","slug":"york-zdobywa-superpuchar-wl-ligi","status":"publish","type":"post","link":"https:\/\/ligawl.pl\/index.php\/2020\/03\/03\/york-zdobywa-superpuchar-wl-ligi\/","title":{"rendered":"York zdobywa Superpuchar WL Ligi!"},"content":{"rendered":"\n<p class=\"has-medium-font-size\"><strong>York powt\u00f3rzy\u0142 sukces z sierpnia zesz\u0142ego roku i drugi raz z rz\u0119du si\u0119gn\u0105\u0142 po Superpuchar WL Ligi. By\u0142 to ich trzeci triumf w rozgrywkach inauguruj\u0105cych now\u0105 kampani\u0119. Najlepszym zawodnikiem zosta\u0142 wybrany Rados\u0142aw Lamch.&nbsp;<\/strong><\/p>\n\n\n\n<p><strong>Awans Winiar i Bragi<\/strong><\/p>\n\n\n\n<p>Rozgrywki o Superpuchar WL Ligi rozpocz\u0119\u0142y si\u0119 od rywalizacji w grupie eliminacyjnej, w kt\u00f3rej znalaz\u0142y si\u0119 zespo\u0142y graj\u0105ce jesieni\u0105 poza elit\u0105. Dwie najlepsze dru\u017cyny z trzyzespo\u0142owej grupy mia\u0142y zagwarantowany awans do 1\/2 fina\u0142u. Tam ju\u017c czeka\u0142y tuzy najwy\u017cszej klasy rozgrywkowej \u2013 Poznaniacy i York. Ci pierwsi, cho\u0107 pod koniec listopada \u015bwi\u0119towali mistrzostwo, wydawali si\u0119 z tej dw\u00f3jki \u2026 s\u0142absi. Dzie\u0144 wcze\u015bniej musieli rywalizowa\u0107 w ostatniej kolejce halowych rozgrywek, co mia\u0142o z pewno\u015bci\u0105 prze\u0142o\u017cenie na si\u0142y, kt\u00f3rymi dysponowali w poniedzia\u0142kowy wiecz\u00f3r. York wkroczy\u0142 do rywalizacji wypocz\u0119ty, ale te\u017c bez przetarcia, jaki mieli nie pr\u00f3\u017cnuj\u0105cy zim\u0105 Almatur, Braga oraz Winiary FC. Ca\u0142a tr\u00f3jka znalaz\u0142a swoje miejsce na pi\u0142karskiej mapie Poznania i szlifowa\u0142a pod balonami form\u0119 na wiosn\u0119.&nbsp;<\/p>\n\n\n\n<p>Grupa eliminacyjna okaza\u0142a si\u0119 wyr\u00f3wnana. Ka\u017cda z dru\u017cyn wygra\u0142a po jednym meczu, wi\u0119c o tym kto zajmie, kt\u00f3re miejsce decydowa\u0142y bramki. Rywalizacj\u0119 wygra\u0142y Winiary FC. W pierwszym spotkaniu rozgromi\u0142y Almatur 5:1, a na zako\u0144czenie grupowych zmaga\u0144 okaza\u0142y si\u0119 minimalnie s\u0142absze od Bragi przegrywaj\u0105c 0:1. Drug\u0105 lokat\u0119 zaj\u0105\u0142 FSC, kt\u00f3ry przed skromnym zwyci\u0119stwem 1:0 nad WFC przegra\u0142 ze zwyci\u0119zcami Pucharu Wiary Lecha 1:2. Premierowego gola na wiosn\u0119 zdoby\u0142 Marcin Janas, kt\u00f3ry otworzy\u0142 wynik potyczki Winiar z Almaturem.&nbsp;<\/p>\n\n\n\n<p><strong>Mistrz i obro\u0144cy trofeum graj\u0105 dalej<\/strong><\/p>\n\n\n\n<p>P\u00f3\u0142fina\u0142y nie przynios\u0142y niespodzianek, lecz w pierwszym spotkaniu 1\/2 fina\u0142u wisia\u0142a ona w powietrzu. Braga postawi\u0142a si\u0119 Poznaniakom i cho\u0107 przegrywa\u0142a dwukrotnie to potrafi\u0142a odrobi\u0107 straty, a w 16 min za spraw\u0105 drugiej bramki Mateusza Gajewskiego wysz\u0142a na prowadzenie 3:2. Poznaniacy walczyli o remis i dopi\u0119li swego. W 23 min pi\u0119knym uderzeniem popisa\u0142 si\u0119 Micha\u0142 Siatkowski. Wyr\u00f3wna\u0142 stan gry doprowadzaj\u0105c do serii rzut\u00f3w karnych. Do wy\u0142onienia zwyci\u0119zc\u00f3w potrzebne by\u0142o pi\u0119\u0107 serii. Lepiej w tym elemencie gry spisali si\u0119 Poznaniacy, kt\u00f3rzy awansowali, drugi raz w historii, do fina\u0142u Superpucharu. Znalaz\u0142 si\u0119 te\u017c tam York. Obro\u0144cy trofeum nie mieli problem\u00f3w z pokonaniem Winiar. Dwa gole Micha\u0142a Mireckiego i jeden Jacka Dembi\u0144skiego po dwunastu minutach da\u0142y trzybramkowe prowadzenie. Straty tu\u017c przed przerw\u0105 zmniejszy\u0142 efektownym uderzeniem \u0141ukasz Cendalski. Jak si\u0119 p\u00f3\u017aniej okaza\u0142o bramka do szatni nie popchn\u0119\u0142a WFC do lepszej gry. York po wznowieniu gry za spraw\u0105 Micha\u0142a Nowaka wr\u00f3ci\u0142 do przewagi trzech trafie\u0144. Winiary sta\u0107 by\u0142o na zmniejszenie rozmiar\u00f3w pora\u017cki i mecz zako\u0144czy\u0142 si\u0119 wynikiem 4:2 dla pierwszoligowc\u00f3w.&nbsp;<\/p>\n\n\n\n<p><strong>York drugi raz z rz\u0119du<\/strong>&nbsp;<\/p>\n\n\n\n<p>Fina\u0142 by\u0142 popisem Rados\u0142awa Lamcha, kt\u00f3ry zas\u0142u\u017cenie zosta\u0142 wybrany najlepszym zawodnikiem najwa\u017cniejszej rozgrywki. Po o\u015bmiu minutach zawodnik Yorka mia\u0142 na koncie dwie efektowne bramki otwieraj\u0105ce wynik meczu o z\u0142oto. Po kwadransie gry Poznaniacy z\u0142apali kontakt dzi\u0119ki trafieniu Mariusza Boche\u0144skiego, ale cztery minuty p\u00f3\u017aniej dobi\u0142 ich Piotr Nowak wraz z Jackiem Dembi\u0144skim. Wynik mecz na 5:1 ustali\u0142 Jaros\u0142aw Janicki, kt\u00f3ry przypiecz\u0119towa\u0142 zdobycie trzeciego Superpucharu w historii.&nbsp;<\/p>\n\n\n\n<p><strong>Wyniki Superpucharu WL Ligi<\/strong> | 02.03.2020&nbsp;<\/p>\n\n\n\n<p>Faza grupowa<\/p>\n\n\n\n<p><strong>Almatur Biuro Podr\u00f3\u017cy \u2013 Winiary FC 1:5<\/strong><br><img decoding=\"async\" alt=\"\" src=\"https:\/\/png.pngtree.com\/element_pic\/17\/02\/19\/4e10739872e26990dfa2dc99a7f106d3.jpg\" style=\"width: 15px;\">\u00a011\u2019 Rados\u0142aw Mr\u00f3z \u2013 8\u2019 12\u2019 Marcin Janas, 12\u2019 13\u2019 Jacek Nowak, 10\u2019 Mateusz Nowak<br><img decoding=\"async\" alt=\"\" src=\"https:\/\/banner2.kisspng.com\/20180405\/kcq\/kisspng-association-football-referee-sport-coach-athlete-whistle-5ac5e86f368eb5.8522167515229195352235.jpg\" style=\"width: 15px;\">\u00a03-1<br><img decoding=\"async\" alt=\"\" src=\"https:\/\/encrypted-tbn0.gstatic.com\/images?q=tbn:ANd9GcRWrdsZUSNeWYrPQKkc_41SNe4O7tctZn5WBPBKw4XiZmBNWMUS\" style=\"width: 15px;\">\u00a0Marcin Janas (Winiary FC)\u00a0<\/p>\n\n\n\n<p><strong>Almatur Biuro Podr\u00f3\u017cy \u2013 FSC Braga 2:1\u00a0<\/strong><br><img decoding=\"async\" alt=\"\" src=\"https:\/\/png.pngtree.com\/element_pic\/17\/02\/19\/4e10739872e26990dfa2dc99a7f106d3.jpg\" style=\"width: 15px;\">\u00a03\u2019 Dariusz Wi\u015bniewski, 10\u2019 Rados\u0142aw Mr\u00f3z \u2013 11\u2019 Mateusz Gajewski<br><img decoding=\"async\" alt=\"\" src=\"https:\/\/banner2.kisspng.com\/20180405\/kcq\/kisspng-association-football-referee-sport-coach-athlete-whistle-5ac5e86f368eb5.8522167515229195352235.jpg\" style=\"width: 15px;\">\u00a03-7\u00a0<br><img decoding=\"async\" alt=\"\" src=\"https:\/\/encrypted-tbn0.gstatic.com\/images?q=tbn:ANd9GcRWrdsZUSNeWYrPQKkc_41SNe4O7tctZn5WBPBKw4XiZmBNWMUS\" style=\"width: 15px;\">\u00a0Rados\u0142aw Mr\u00f3z (Almatur Biuro Podr\u00f3\u017cy)<\/p>\n\n\n\n<p><strong>Winiary FC \u2013 FSC Braga 0:1<\/strong>\u00a0<br><img decoding=\"async\" alt=\"\" src=\"https:\/\/png.pngtree.com\/element_pic\/17\/02\/19\/4e10739872e26990dfa2dc99a7f106d3.jpg\" style=\"width: 15px;\">\u00a02\u2019 Rafa\u0142 Robakowski<br><img decoding=\"async\" alt=\"\" src=\"https:\/\/upload.wikimedia.org\/wikipedia\/commons\/thumb\/b\/b1\/Yellow_card.svg\/369px-Yellow_card.svg.png\" style=\"width: 15px;\">\u00a0Rafa\u0142 Robkowski (FSC Braga)<br><img decoding=\"async\" alt=\"\" src=\"https:\/\/banner2.kisspng.com\/20180405\/kcq\/kisspng-association-football-referee-sport-coach-athlete-whistle-5ac5e86f368eb5.8522167515229195352235.jpg\" style=\"width: 15px;\">\u00a03-3<br><img decoding=\"async\" alt=\"\" src=\"https:\/\/encrypted-tbn0.gstatic.com\/images?q=tbn:ANd9GcRWrdsZUSNeWYrPQKkc_41SNe4O7tctZn5WBPBKw4XiZmBNWMUS\" style=\"width: 15px;\">\u00a0Mateusz Gajewski (FSC Braga)<\/p>\n\n\n\n<p>Tabela grupy eliminacyjnej <em>(kolejno: miejsce, nazwa dru\u017cyny, mecze, punkty, bramki)<\/em><\/p>\n\n\n\n<figure class=\"wp-block-table is-style-stripes\"><table><tbody><tr><td>1.<\/td><td>Winiary FC<\/td><td>2<\/td><td><strong>3<\/strong><\/td><td>5:2<\/td><\/tr><tr><td>2.<\/td><td>FSC Braga<\/td><td>2<\/td><td><strong>3<\/strong><\/td><td>2:2<\/td><\/tr><tr><td>3.<\/td><td>Almatur Biuro Podro\u017cy<\/td><td>2<\/td><td><strong>3<\/strong><\/td><td>3:6<\/td><\/tr><\/tbody><\/table><\/figure>\n\n\n\n<p>1\/2 fina\u0142u&nbsp;<\/p>\n\n\n\n<p><strong><u>Poznaniacy<\/u> \u2013 FSC Braga 3:3 (2:2) karne 4:3<\/strong><br><img decoding=\"async\" alt=\"\" src=\"https:\/\/png.pngtree.com\/element_pic\/17\/02\/19\/4e10739872e26990dfa2dc99a7f106d3.jpg\" style=\"width: 15px;\">\u00a02\u2019 Mariusz Boche\u0144ski, 7\u2019 Filip Tr\u0119bacz, 23\u2019 Micha\u0142 Siatkowski \u2013 3\u2019 16\u2019 Mateusz Gajewski, 11\u2019 Miko\u0142aj Hajdasz<br><img decoding=\"async\" alt=\"\" src=\"https:\/\/banner2.kisspng.com\/20180405\/kcq\/kisspng-association-football-referee-sport-coach-athlete-whistle-5ac5e86f368eb5.8522167515229195352235.jpg\" style=\"width: 15px;\">\u00a03-3<br><img decoding=\"async\" alt=\"\" src=\"https:\/\/encrypted-tbn0.gstatic.com\/images?q=tbn:ANd9GcRWrdsZUSNeWYrPQKkc_41SNe4O7tctZn5WBPBKw4XiZmBNWMUS\" style=\"width: 15px;\">\u00a0Maciej Wi\u015bniewski (FSC Braga)<\/p>\n\n\n\n<p><strong><u>York<\/u> \u2013 Winiary FC 4:2 (4:1)<\/strong><br><img decoding=\"async\" src=\"https:\/\/png.pngtree.com\/element_pic\/17\/02\/19\/4e10739872e26990dfa2dc99a7f106d3.jpg\" alt=\"\" style=\"width: 15px;\">\u00a04\u2019 12\u2019 Micha\u0142 Mirecki, 11\u2019 Jacek Dembi\u0144ski, 16\u2019 Micha\u0142 Nowak \u2013 13\u2019 \u0141ukasz Cendalski, 26\u2019 Damian Nowak<br><img decoding=\"async\" src=\"https:\/\/banner2.kisspng.com\/20180405\/kcq\/kisspng-association-football-referee-sport-coach-athlete-whistle-5ac5e86f368eb5.8522167515229195352235.jpg\" alt=\"\" style=\"width: 15px;\">\u00a02-3<br><img decoding=\"async\" src=\"https:\/\/encrypted-tbn0.gstatic.com\/images?q=tbn:ANd9GcRWrdsZUSNeWYrPQKkc_41SNe4O7tctZn5WBPBKw4XiZmBNWMUS\" style=\"width: 15px;\" alt=\"\">\u00a0Micha\u0142 Mirecki (York)<\/p>\n\n\n\n<p>Fina\u0142&nbsp;<\/p>\n\n\n\n<p><strong><u>York <\/u>\u2013 Poznaniacy 5:1 (2:0)<\/strong><br><img decoding=\"async\" src=\"https:\/\/png.pngtree.com\/element_pic\/17\/02\/19\/4e10739872e26990dfa2dc99a7f106d3.jpg\" alt=\"\" style=\"width: 15px;\">\u00a05\u2019 8\u2019 Rados\u0142aw Lamch, 19\u2019 Piotr Nowak, 20\u2019 Jacek Dembi\u0144ski, 22\u2019 Jaros\u0142aw Janicki \u2013 15\u2019 Mariusz Boche\u0144ski<br><img decoding=\"async\" src=\"https:\/\/banner2.kisspng.com\/20180405\/kcq\/kisspng-association-football-referee-sport-coach-athlete-whistle-5ac5e86f368eb5.8522167515229195352235.jpg\" alt=\"\" style=\"width: 15px;\">\u00a00-2<br><img decoding=\"async\" src=\"https:\/\/encrypted-tbn0.gstatic.com\/images?q=tbn:ANd9GcRWrdsZUSNeWYrPQKkc_41SNe4O7tctZn5WBPBKw4XiZmBNWMUS\" style=\"width: 15px;\" alt=\"\">\u00a0Rados\u0142aw Lamch (York)<\/p>\n","protected":false},"excerpt":{"rendered":"<p>York powt\u00f3rzy\u0142 sukces z sierpnia zesz\u0142ego roku i drugi raz z rz\u0119du si\u0119gn\u0105\u0142 po Superpuchar WL Ligi. By\u0142 to ich trzeci triumf w rozgrywkach inauguruj\u0105cych now\u0105 kampani\u0119. Najlepszym zawodnikiem zosta\u0142 wybrany Rados\u0142aw Lamch. <\/p>\n","protected":false},"author":2,"featured_media":828,"comment_status":"closed","ping_status":"closed","sticky":false,"template":"","format":"standard","meta":{"_jetpack_memberships_contains_paid_content":false,"footnotes":"","jetpack_publicize_message":"","jetpack_publicize_feature_enabled":true,"jetpack_social_post_already_shared":false,"jetpack_social_options":{"image_generator_settings":{"template":"highway","default_image_id":0,"font":"","enabled":false},"version":2}},"categories":[22],"tags":[],"class_list":["post-827","post","type-post","status-publish","format-standard","has-post-thumbnail","hentry","category-swl"],"jetpack_publicize_connections":[],"jetpack_featured_media_url":"https:\/\/ligawl.pl\/wp-content\/uploads\/2020\/04\/IMG_20200302_222422_575-scaled.jpg","jetpack_sharing_enabled":true,"_links":{"self":[{"href":"https:\/\/ligawl.pl\/index.php\/wp-json\/wp\/v2\/posts\/827","targetHints":{"allow":["GET"]}}],"collection":[{"href":"https:\/\/ligawl.pl\/index.php\/wp-json\/wp\/v2\/posts"}],"about":[{"href":"https:\/\/ligawl.pl\/index.php\/wp-json\/wp\/v2\/types\/post"}],"author":[{"embeddable":true,"href":"https:\/\/ligawl.pl\/index.php\/wp-json\/wp\/v2\/users\/2"}],"replies":[{"embeddable":true,"href":"https:\/\/ligawl.pl\/index.php\/wp-json\/wp\/v2\/comments?post=827"}],"version-history":[{"count":0,"href":"https:\/\/ligawl.pl\/index.php\/wp-json\/wp\/v2\/posts\/827\/revisions"}],"wp:featuredmedia":[{"embeddable":true,"href":"https:\/\/ligawl.pl\/index.php\/wp-json\/wp\/v2\/media\/828"}],"wp:attachment":[{"href":"https:\/\/ligawl.pl\/index.php\/wp-json\/wp\/v2\/media?parent=827"}],"wp:term":[{"taxonomy":"category","embeddable":true,"href":"https:\/\/ligawl.pl\/index.php\/wp-json\/wp\/v2\/categories?post=827"},{"taxonomy":"post_tag","embeddable":true,"href":"https:\/\/ligawl.pl\/index.php\/wp-json\/wp\/v2\/tags?post=827"}],"curies":[{"name":"wp","href":"https:\/\/api.w.org\/{rel}","templated":true}]}}