{"id":7637,"date":"2020-03-12T12:25:00","date_gmt":"2020-03-12T11:25:00","guid":{"rendered":"https:\/\/ligawl.pl\/?p=7637"},"modified":"2020-04-21T12:26:33","modified_gmt":"2020-04-21T10:26:33","slug":"poznalismy-finalistow-drugiej-edycji-edifier-e-wl-liga-cup","status":"publish","type":"post","link":"https:\/\/ligawl.pl\/index.php\/2020\/03\/12\/poznalismy-finalistow-drugiej-edycji-edifier-e-wl-liga-cup\/","title":{"rendered":"Poznali\u015bmy finalist\u00f3w drugiej edycji Edifier e-WL Liga Cup"},"content":{"rendered":"\n<p class=\"has-medium-font-size\"><strong>W sobot\u0119 7 marca w o\u015brodku Kibice Razem Lech-Pozna\u0144 na pozna\u0144skiej \u015ar\u00f3dce odby\u0142 si\u0119 ostatni dzie\u0144 rywalizacji w drugiej edycji Edifier e-WL Liga Cup. Wy\u0142oni\u0142 on sze\u015bciu zawodnik\u00f3w, kt\u00f3rzy pod koniec marca zagraj\u0105 o zwyci\u0119stwo w rozgrywkach.\u00a0<\/strong><\/p>\n\n\n\n<p>W sobotnie przedpo\u0142udnie do walki o najlepsz\u0105 sz\u00f3stk\u0119 i awans do fazy fina\u0142owej stan\u0119\u0142o o\u015bmiu zawodnik\u00f3w, kt\u00f3rzy musieli dogra\u0107 zaleg\u0142e mecze do pe\u0142nych jedenastu. Awans do Final Six uzyskali Olivier Z, Krystian Z, Miko\u0142aj N, Marcin Sz, Sebastian N i Mi\u0142osz I. Jeden mecz odby\u0142 si\u0119 online pomi\u0119dzy Sebastianem N, a Dawidem N. Decydowa\u0142 on o tym, kt\u00f3ry z nich uzyska promocj\u0119 do kolejnej fazy. Mecz zako\u0144czy\u0142 si\u0119 2:0 dla Sebastiana i to on jako ostatni uzupe\u0142ni\u0142 grono sze\u015bciu szcz\u0119\u015bliwc\u00f3w, kt\u00f3rzy 28 marca stocz\u0105 walk\u0119 o zwyci\u0119stwo w ca\u0142ym turnieju. Dzi\u0119ki lepszemu bilansowi bramkowemu wyprzedzi\u0142 on jeszcze w tabeli Mi\u0142osza i zepchn\u0105\u0142 go na ostatnie miejsce daj\u0105ce awans.<br><br>Je\u015bli nic nie stanie na przeszkodzie (patrz: koronawirus) Final Six Edifier e-WL Liga Cup odb\u0119dzie si\u0119 w sobot\u0119 28 marca. Jeszcze dzi\u015b zostanie podany terminarz fazy fina\u0142owej indywidualnych rozgrywek.\u00a0<\/p>\n\n\n\n<p><strong>Tabela po 3. dniu Edifier e-WL Liga Cup<\/strong> <em>(kolejno: miejsca, imi\u0119 (klub), mecze, punkty, bramki)<\/em><\/p>\n\n\n\n<p>1. Olivier Z (Barcelona) 11 28&nbsp; 52:9<br>2. Krystian Z (Barcelona) 11 28&nbsp; 31:8<br>3. Miko\u0142aj N (Real) 11 22 17:11<br>4. Marcin Sz (Liverpool) 11 18&nbsp; 37:17<br>5. Sebastian N (Barcelona) 11&nbsp; 17 22:15<br>6. Mi\u0142osz I (Liverpool) 11 17 19:18<br>&#8212;&#8212;&#8212;&#8212;&#8212;&#8212;&#8212;&#8212;&#8212;&#8212;&#8212;&#8212;&#8212;&#8212;&#8212;&#8212;&#8212;&#8212;<br>7. Adam N (Liverpool) 11 15 19:21<br>8. Dawid N (Barcelona) 11 15 21:24<br>9. Jacek M (Juventus) 10 12 20:21*<br>10. Micha\u0142 K (Liverpool) 11 9 21:28<br>11. Pawe\u0142 P (PSG) 11 3 5:54<br>12. Krzysztof S (PSG) 10 0 5:43*<br><br>* &#8211; mecz pomi\u0119dzy Jackiem M i Krzysztofem S odb\u0119dzie si\u0119 w p\u00f3\u017aniejszym terminie<\/p>\n","protected":false},"excerpt":{"rendered":"<p>W sobot\u0119 7 marca w o\u015brodku Kibice Razem Lech-Pozna\u0144 na pozna\u0144skiej \u015ar\u00f3dce odby\u0142 si\u0119 ostatni dzie\u0144 rywalizacji w drugiej edycji Edifier e-WL Liga Cup. Wy\u0142oni\u0142 on sze\u015bciu zawodnik\u00f3w, kt\u00f3rzy pod koniec marca zagraj\u0105 o zwyci\u0119stwo w rozgrywkach. <\/p>\n","protected":false},"author":2,"featured_media":7639,"comment_status":"open","ping_status":"open","sticky":false,"template":"","format":"standard","meta":{"_jetpack_memberships_contains_paid_content":false,"footnotes":"","jetpack_publicize_message":"","jetpack_publicize_feature_enabled":true,"jetpack_social_post_already_shared":false,"jetpack_social_options":{"image_generator_settings":{"template":"highway","default_image_id":0,"font":"","enabled":false},"version":2}},"categories":[68],"tags":[],"class_list":["post-7637","post","type-post","status-publish","format-standard","has-post-thumbnail","hentry","category-e-wl-liga"],"jetpack_publicize_connections":[],"jetpack_featured_media_url":"https:\/\/ligawl.pl\/wp-content\/uploads\/2020\/04\/IMG_20200107_183751-1-scaled-e1587464665126.jpg","jetpack_sharing_enabled":true,"_links":{"self":[{"href":"https:\/\/ligawl.pl\/index.php\/wp-json\/wp\/v2\/posts\/7637","targetHints":{"allow":["GET"]}}],"collection":[{"href":"https:\/\/ligawl.pl\/index.php\/wp-json\/wp\/v2\/posts"}],"about":[{"href":"https:\/\/ligawl.pl\/index.php\/wp-json\/wp\/v2\/types\/post"}],"author":[{"embeddable":true,"href":"https:\/\/ligawl.pl\/index.php\/wp-json\/wp\/v2\/users\/2"}],"replies":[{"embeddable":true,"href":"https:\/\/ligawl.pl\/index.php\/wp-json\/wp\/v2\/comments?post=7637"}],"version-history":[{"count":1,"href":"https:\/\/ligawl.pl\/index.php\/wp-json\/wp\/v2\/posts\/7637\/revisions"}],"predecessor-version":[{"id":7640,"href":"https:\/\/ligawl.pl\/index.php\/wp-json\/wp\/v2\/posts\/7637\/revisions\/7640"}],"wp:featuredmedia":[{"embeddable":true,"href":"https:\/\/ligawl.pl\/index.php\/wp-json\/wp\/v2\/media\/7639"}],"wp:attachment":[{"href":"https:\/\/ligawl.pl\/index.php\/wp-json\/wp\/v2\/media?parent=7637"}],"wp:term":[{"taxonomy":"category","embeddable":true,"href":"https:\/\/ligawl.pl\/index.php\/wp-json\/wp\/v2\/categories?post=7637"},{"taxonomy":"post_tag","embeddable":true,"href":"https:\/\/ligawl.pl\/index.php\/wp-json\/wp\/v2\/tags?post=7637"}],"curies":[{"name":"wp","href":"https:\/\/api.w.org\/{rel}","templated":true}]}}