{"id":7371,"date":"2020-03-07T12:11:00","date_gmt":"2020-03-07T11:11:00","guid":{"rendered":"https:\/\/ligawl.pl\/?p=7371"},"modified":"2020-04-20T12:12:00","modified_gmt":"2020-04-20T10:12:00","slug":"zwyciestwo-synow-gehenny-otwiera-sezon-w-elicie","status":"publish","type":"post","link":"https:\/\/ligawl.pl\/index.php\/2020\/03\/07\/zwyciestwo-synow-gehenny-otwiera-sezon-w-elicie\/","title":{"rendered":"Zwyci\u0119stwo Syn\u00f3w Gehenny otwiera sezon w elicie"},"content":{"rendered":"\n<p class=\"has-medium-font-size\"><strong>W pi\u0105tkowy wiecz\u00f3r odby\u0142 si\u0119 pierwszy mecz w najwy\u017cszej klasie rozgrywkowej, w kt\u00f3rym Synowie Gehenny ograli Brag\u0119. W drugiej lidze zwyci\u0119stwa odnie\u015bli LED Lighting Team i Winiary FC.&nbsp;<\/strong><\/p>\n\n\n\n<p class=\"has-medium-font-size\">1. WL Liga: <strong>Zab\u00f3jcza ko\u0144c\u00f3wka Syn\u00f3w Gehenny<\/strong><\/p>\n\n\n\n<p>Przez p\u00f3\u0142godziny pierwszej wiosennej potyczki w elicie Braga prowadzi\u0142a z Synami Gehenny 1:0. Do tego momentu by\u0142 to mecz bramkarzy, kt\u00f3rym mi\u0119dzy s\u0142upkami wychodzi\u0142o dos\u0142ownie wszystko. Pi\u0142ka znalaz\u0142a raz drog\u0119 do siatki, gdy po strzale Rafa\u0142a Robakowskiego w 4 min na prowadzenie wyszed\u0142 beniaminek. Kolejny gol, ju\u017c na konto Syn\u00f3w Gehenny, wpad\u0142 w 30 min. Stan gry wyr\u00f3wna\u0142 Stanis\u0142aw Wysocki, kt\u00f3ry na dobre otworzy\u0142 worek z bramkami. Br\u0105zowi medali\u015bci jesieni wskoczyli na w\u0142a\u015bciwe tory i ca\u0142kowicie zdominowali rywala. Do ko\u0144ca spotkania Synowie Gehenny wpakowali jeszcze cztery gole i ostatecznie pokonali na inauguracj\u0119 Brag\u0119 5:1.&nbsp;<\/p>\n\n\n\n<p><strong>FSC Braga \u2013 Synowie Gehenny 1:5 (1:0)<\/strong><br><img loading=\"lazy\" decoding=\"async\" width=\"15\" height=\"13\" class=\"wp-image-61\" style=\"width: 15px;\" src=\"https:\/\/ligawl.pl\/wp-content\/uploads\/2020\/03\/Pi\u0142ka_no\u017cna-e1587111359729.png\" alt=\"\"> 4\u2019 Rafa\u0142 Robakowski \u2013 30\u2019 Stanis\u0142aw Wysocki, 32\u2019 Roman Hrynko, 34\u2019 Mateusz Bartkowiak, 34\u2019 Mateusz Kacprzyk, 37\u2019 Mariusz Nowicki<br><img decoding=\"async\" class=\"wp-image-63\" style=\"width: 12px;\" src=\"https:\/\/ligawl.pl\/wp-content\/uploads\/2020\/03\/lta_kartka-e1587377139260.png\" alt=\"\"> Rafa\u0142 Robakowski (FSC Braga)<br><img loading=\"lazy\" decoding=\"async\" width=\"12\" height=\"16\" class=\"wp-image-59\" style=\"width: 12px;\" src=\"https:\/\/ligawl.pl\/wp-content\/uploads\/2020\/03\/Czerwona_kartka-e1587377395343.png\" alt=\"\"> Rafa\u0142 Robakowski (FSC Braga)<br><img loading=\"lazy\" decoding=\"async\" width=\"15\" height=\"15\" class=\"wp-image-60\" style=\"width: 15px;\" src=\"https:\/\/ligawl.pl\/wp-content\/uploads\/2020\/03\/Gwizdek-e1587111385988.png\" alt=\"\"> 5-4<br><img loading=\"lazy\" decoding=\"async\" width=\"15\" height=\"20\" class=\"wp-image-62\" style=\"width: 15px;\" src=\"https:\/\/ligawl.pl\/wp-content\/uploads\/2020\/03\/Zawodnik_meczu-e1587111403576.png\" alt=\"\"> Robert Celuch (Synowie Gehenny)<\/p>\n\n\n\n<p>2. WL Liga: <strong>Winiary FC wygrywaj\u0105 rzutem na ta\u015bm\u0119&nbsp;<\/strong><\/p>\n\n\n\n<p>Od zwyci\u0119stw wiosenn\u0105 edycj\u0119 rozpocz\u0119li zawodnicy LED Lighting Team i Winiar FC. Ci pierwsi nie mieli problem\u00f3w z pokonaniem Szturmowc\u00f3w, kt\u00f3rych ograli w pomara\u0144czowo-czarnych derbach 4:1. Do przerwy po dw\u00f3ch bramkach Krzysztofa Filasa prowadzili ju\u017c 2:0. Ten sam zawodnik w 22 min mia\u0142 ju\u017c na koncie skompletowanego hattricka. Nadzieje Szturmowcom da\u0142 Jan Ka\u017amierczak, kt\u00f3ry osiem minut przed ko\u0144cem zdoby\u0142 gola na 1:3, ale te zgasi\u0142 Tomasz Martyniak w 39 min ustalaj\u0105c wynik potyczki.&nbsp;<\/p>\n\n\n\n<p>Najciekawszy przebieg mia\u0142 pojedynek Onych z Winarami FC. Od mocnego uderzenia mecz rozpocz\u0105\u0142 beniaminek, kt\u00f3ry ju\u017c po sze\u015bciu minutach i golach Artura Nieboraka oraz Jacka Nowaka wygrywa\u0142 2:0. Do ko\u0144ca pierwszej ods\u0142ony to jednak Oni mieli wi\u0119cej do powiedzenia. \u017b\u00f3\u0142to-czarni po dublecie Krzysztofa Borkowskiego i jednej bramce Paw\u0142a Jassem na przerw\u0119 schodzili z jednobramkow\u0105 przewag\u0105, kt\u00f3ra \u2026 po czterech minutach zamieni\u0142a si\u0119 w strat\u0119. Winiary podobnie jak na pocz\u0105tku meczu bardzo szybko zdoby\u0142y dwa gole i obj\u0119\u0142y prowadzenie chwil\u0119 po wznowieniu gry. Na 4:3 trafi\u0142 Patryk Kusza, kt\u00f3ry zosta\u0142 bohaterem WFC. Minut\u0119 przed ko\u0144cem, przy stanie 5:5, zdecydowa\u0142 si\u0119 na strza\u0142 z dystansu, a chwil\u0119 p\u00f3\u017aniej m\u00f3g\u0142 cieszy\u0107 si\u0119 z kolegami z dru\u017cyny z pierwszej w historii wygranej na drugim szczeblu rozgrywkowym. &nbsp;<\/p>\n\n\n\n<p><strong>LED Lighting Team \u2013 Szturmowcy 4:1 (2:0)<\/strong><br><img loading=\"lazy\" decoding=\"async\" width=\"15\" height=\"13\" class=\"wp-image-61\" style=\"width: 15px;\" src=\"https:\/\/ligawl.pl\/wp-content\/uploads\/2020\/03\/Pi\u0142ka_no\u017cna-e1587111359729.png\" alt=\"\"> 7\u2019 17\u2019 22\u2019 Krzysztof Filas, 39\u2019 Tomasz Martyniak \u2013 32\u2019 Jan Ka\u017amierczak<br><img loading=\"lazy\" decoding=\"async\" width=\"15\" height=\"15\" class=\"wp-image-60\" style=\"width: 15px;\" src=\"https:\/\/ligawl.pl\/wp-content\/uploads\/2020\/03\/Gwizdek-e1587111385988.png\" alt=\"\"> 4-4<br><img loading=\"lazy\" decoding=\"async\" width=\"15\" height=\"20\" class=\"wp-image-62\" style=\"width: 15px;\" src=\"https:\/\/ligawl.pl\/wp-content\/uploads\/2020\/03\/Zawodnik_meczu-e1587111403576.png\" alt=\"\"> Krzysztof Filas (LED Lighting Team)<\/p>\n\n\n\n<p><strong>Oni \u2013 Winiary FC 5:6 (3:2)<\/strong><br><img loading=\"lazy\" decoding=\"async\" width=\"15\" height=\"13\" class=\"wp-image-61\" style=\"width: 15px;\" src=\"https:\/\/ligawl.pl\/wp-content\/uploads\/2020\/03\/Pi\u0142ka_no\u017cna-e1587111359729.png\" alt=\"\"> 13\u2019 18\u2019 Krzysztof Borkowski, 16\u2019 36\u2019 Pawe\u0142 Jassem, 38\u2019 Kacper Wilczak \u2013 24\u2019 39\u2019 Patryk Kusza, 2\u2019 Artur Nieborak, 6\u2019 Jacek Nowak, 22\u2019 Adam Hoedke, 36\u2019 Mateusz Nowak<br><img loading=\"lazy\" decoding=\"async\" width=\"15\" height=\"15\" class=\"wp-image-60\" style=\"width: 15px;\" src=\"https:\/\/ligawl.pl\/wp-content\/uploads\/2020\/03\/Gwizdek-e1587111385988.png\" alt=\"\"> 4-2<br><img loading=\"lazy\" decoding=\"async\" width=\"15\" height=\"20\" class=\"wp-image-62\" style=\"width: 15px;\" src=\"https:\/\/ligawl.pl\/wp-content\/uploads\/2020\/03\/Zawodnik_meczu-e1587111403576.png\" alt=\"\"> Patryk Kusza (Winiary FC)<\/p>\n","protected":false},"excerpt":{"rendered":"<p>W pi\u0105tkowy wiecz\u00f3r odby\u0142 si\u0119 pierwszy mecz w najwy\u017cszej klasie rozgrywkowej, w kt\u00f3rym Synowie Gehenny ograli Brag\u0119. W drugiej lidze zwyci\u0119stwa odnie\u015bli LED Lighting Team i Winiary FC. <\/p>\n","protected":false},"author":2,"featured_media":7096,"comment_status":"open","ping_status":"open","sticky":false,"template":"","format":"standard","meta":{"_jetpack_memberships_contains_paid_content":false,"footnotes":"","jetpack_publicize_message":"","jetpack_publicize_feature_enabled":true,"jetpack_social_post_already_shared":false,"jetpack_social_options":{"image_generator_settings":{"template":"highway","default_image_id":0,"font":"","enabled":false},"version":2}},"categories":[10],"tags":[],"class_list":["post-7371","post","type-post","status-publish","format-standard","has-post-thumbnail","hentry","category-liga"],"jetpack_publicize_connections":[],"jetpack_featured_media_url":"https:\/\/ligawl.pl\/wp-content\/uploads\/2020\/04\/1-DSC_5009.jpg","jetpack_sharing_enabled":true,"_links":{"self":[{"href":"https:\/\/ligawl.pl\/index.php\/wp-json\/wp\/v2\/posts\/7371","targetHints":{"allow":["GET"]}}],"collection":[{"href":"https:\/\/ligawl.pl\/index.php\/wp-json\/wp\/v2\/posts"}],"about":[{"href":"https:\/\/ligawl.pl\/index.php\/wp-json\/wp\/v2\/types\/post"}],"author":[{"embeddable":true,"href":"https:\/\/ligawl.pl\/index.php\/wp-json\/wp\/v2\/users\/2"}],"replies":[{"embeddable":true,"href":"https:\/\/ligawl.pl\/index.php\/wp-json\/wp\/v2\/comments?post=7371"}],"version-history":[{"count":1,"href":"https:\/\/ligawl.pl\/index.php\/wp-json\/wp\/v2\/posts\/7371\/revisions"}],"predecessor-version":[{"id":7373,"href":"https:\/\/ligawl.pl\/index.php\/wp-json\/wp\/v2\/posts\/7371\/revisions\/7373"}],"wp:featuredmedia":[{"embeddable":true,"href":"https:\/\/ligawl.pl\/index.php\/wp-json\/wp\/v2\/media\/7096"}],"wp:attachment":[{"href":"https:\/\/ligawl.pl\/index.php\/wp-json\/wp\/v2\/media?parent=7371"}],"wp:term":[{"taxonomy":"category","embeddable":true,"href":"https:\/\/ligawl.pl\/index.php\/wp-json\/wp\/v2\/categories?post=7371"},{"taxonomy":"post_tag","embeddable":true,"href":"https:\/\/ligawl.pl\/index.php\/wp-json\/wp\/v2\/tags?post=7371"}],"curies":[{"name":"wp","href":"https:\/\/api.w.org\/{rel}","templated":true}]}}