{"id":6624,"date":"2020-03-12T13:41:00","date_gmt":"2020-03-12T12:41:00","guid":{"rendered":"https:\/\/ligawl.pl\/?p=6624"},"modified":"2020-05-13T14:39:51","modified_gmt":"2020-05-13T12:39:51","slug":"faza-finalowa-edifier-e-wl-liga-cup","status":"publish","type":"post","link":"https:\/\/ligawl.pl\/index.php\/2020\/03\/12\/faza-finalowa-edifier-e-wl-liga-cup\/","title":{"rendered":"Faza fina\u0142owa Edifier e-WL Liga Cup"},"content":{"rendered":"\n<p class=\"has-medium-font-size\"><strong>W ubieg\u0142\u0105 sobot\u0119 odby\u0142 si\u0119 ostatni, trzeci dzie\u0144 fazy eliminacyjnej Edifier e-WL Liga Cup. Wy\u0142oni\u0142 on fina\u0142ow\u0105 sz\u00f3stk\u0119, kt\u00f3ra 13 czerwca stanie do walki o zwyci\u0119stwo w drugiej edycji.\u00a0<\/strong><\/p>\n\n\n\n<p><strong>Terminarz fazy fina\u0142owej II edycji Edifier e-WL Liga Cup<\/strong>\u00a0| 13.06.2020<\/p>\n\n\n\n<p><strong>Grupa A<\/strong><\/p>\n\n\n\n<p>10:00 &#8211; Olivier Z \u2013 Mi\u0142osz I<br>10:20 \u2013 Mi\u0142osz I \u2013 Marcin Sz<br>10:35 \u2013 Marcin Sz \u2013 Olivier Z<br>10:55 \u2013 Olivier Z \u2013 Marcin Sz<br>11:10 \u2013 Marcin Sz \u2013 Mi\u0142osz I<br>11:30 \u2013 Mi\u0142osz I \u2013 Olivier Z<\/p>\n\n\n\n<p><strong>Grupa B<\/strong><\/p>\n\n\n\n<p>10:00 \u2013 Miko\u0142aj N \u2013 Sebastian N<br>10:20 \u2013 Sebastian N \u2013 Krystian Z<br>10:35 \u2013 Krystian Z \u2013 Miko\u0142aj N<br>10:55 \u2013 Miko\u0142aj N \u2013 Krystian Z<br>11:10 \u2013 Krystian Z \u2013 Sebastian N<br>11:30 \u2013 Sebastian N \u2013 Miko\u0142aj N<\/p>\n\n\n\n<p><strong>1\/2 fina\u0142u<\/strong><\/p>\n\n\n\n<p>11:50 \u2013 1A \u2013 2B<br>11:50 \u2013 1B \u2013 2A<br>12:05 \u2013 2B \u2013 1A<br>12:05 \u2013 2A \u2013 1B<\/p>\n\n\n\n<p><strong>Mecz o 3 miejsce<\/strong><\/p>\n\n\n\n<p>12:25 \u2013 prz. 1A\/2B \u2013 prz. 1B\/2A<br>12:40 \u2013 prz. 1A\/2B \u2013 prz. 1B\/2A<\/p>\n\n\n\n<p><strong>Fina\u0142<\/strong><\/p>\n\n\n\n<p>12:25 \u2013 zw. 1A\/2B \u2013 zw. 1B\/2A<br>12:40 \u2013 zw. 1A\/2B \u2013 zw. 1B\/2A<\/p>\n\n\n\n<p><strong>Rozdanie nagr\u00f3d<\/strong>&nbsp;&#8211; 13:00<\/p>\n","protected":false},"excerpt":{"rendered":"<p>W ubieg\u0142\u0105 sobot\u0119 odby\u0142 si\u0119 ostatni, trzeci dzie\u0144 fazy eliminacyjnej Edifier e-WL Liga Cup. Wy\u0142oni\u0142 on fina\u0142ow\u0105 sz\u00f3stk\u0119, kt\u00f3ra 28 marca stanie do walki o zwyci\u0119stwo w drugiej edycji. <\/p>\n","protected":false},"author":2,"featured_media":6626,"comment_status":"closed","ping_status":"closed","sticky":false,"template":"","format":"standard","meta":{"_jetpack_memberships_contains_paid_content":false,"footnotes":"","jetpack_publicize_message":"","jetpack_publicize_feature_enabled":true,"jetpack_social_post_already_shared":false,"jetpack_social_options":{"image_generator_settings":{"template":"highway","default_image_id":0,"font":"","enabled":false},"version":2}},"categories":[68],"tags":[],"class_list":["post-6624","post","type-post","status-publish","format-standard","has-post-thumbnail","hentry","category-e-wl-liga"],"jetpack_publicize_connections":[],"jetpack_featured_media_url":"https:\/\/ligawl.pl\/wp-content\/uploads\/2020\/04\/IMG_20200107_183801-scaled.jpg","jetpack_sharing_enabled":true,"_links":{"self":[{"href":"https:\/\/ligawl.pl\/index.php\/wp-json\/wp\/v2\/posts\/6624","targetHints":{"allow":["GET"]}}],"collection":[{"href":"https:\/\/ligawl.pl\/index.php\/wp-json\/wp\/v2\/posts"}],"about":[{"href":"https:\/\/ligawl.pl\/index.php\/wp-json\/wp\/v2\/types\/post"}],"author":[{"embeddable":true,"href":"https:\/\/ligawl.pl\/index.php\/wp-json\/wp\/v2\/users\/2"}],"replies":[{"embeddable":true,"href":"https:\/\/ligawl.pl\/index.php\/wp-json\/wp\/v2\/comments?post=6624"}],"version-history":[{"count":2,"href":"https:\/\/ligawl.pl\/index.php\/wp-json\/wp\/v2\/posts\/6624\/revisions"}],"predecessor-version":[{"id":9340,"href":"https:\/\/ligawl.pl\/index.php\/wp-json\/wp\/v2\/posts\/6624\/revisions\/9340"}],"wp:featuredmedia":[{"embeddable":true,"href":"https:\/\/ligawl.pl\/index.php\/wp-json\/wp\/v2\/media\/6626"}],"wp:attachment":[{"href":"https:\/\/ligawl.pl\/index.php\/wp-json\/wp\/v2\/media?parent=6624"}],"wp:term":[{"taxonomy":"category","embeddable":true,"href":"https:\/\/ligawl.pl\/index.php\/wp-json\/wp\/v2\/categories?post=6624"},{"taxonomy":"post_tag","embeddable":true,"href":"https:\/\/ligawl.pl\/index.php\/wp-json\/wp\/v2\/tags?post=6624"}],"curies":[{"name":"wp","href":"https:\/\/api.w.org\/{rel}","templated":true}]}}