{"id":36829,"date":"2026-01-28T07:09:54","date_gmt":"2026-01-28T06:09:54","guid":{"rendered":"https:\/\/ligawl.pl\/?p=36829"},"modified":"2026-01-28T07:09:54","modified_gmt":"2026-01-28T06:09:54","slug":"plebiscyt-superbet-wl-ligi-po-raz-piaty","status":"publish","type":"post","link":"https:\/\/ligawl.pl\/index.php\/2026\/01\/28\/plebiscyt-superbet-wl-ligi-po-raz-piaty\/","title":{"rendered":"Plebiscyt Superbet WL Ligi po raz pi\u0105ty"},"content":{"rendered":"\n<h3 class=\"wp-block-heading\">Podczas najbli\u017cszej Gali Superbet WL Ligi, zaplanowanej na wtorek, 10 lutego, rozdane zostan\u0105 wyr\u00f3\u017cnienia podsumowuj\u0105ce mijaj\u0105cy rok. B\u0119dzie to&nbsp;<strong>pi\u0105ta edycja Plebiscytu Superbet WL Ligi<\/strong>.<\/h3>\n\n\n\n<p>Podobnie jak w ubieg\u0142ym roku, podczas jesiennej gali nagrodzeni zostan\u0105 najlepsi zawodnicy oraz zespo\u0142y minionych dwunastu miesi\u0119cy. Laureaci zostan\u0105 wy\u0142onieni w\u00a0<strong>sze\u015bciu kategoriach<\/strong>. Koordynatorzy oraz s\u0119dziowie zdecyduj\u0105, kto otrzyma tytu\u0142\u00a0<strong>Zawodnika Roku<\/strong>,\u00a0<strong>Bramkarza Roku<\/strong>\u00a0i\u00a0<strong>Mened\u017cera Roku<\/strong>, a tak\u017ce kt\u00f3ra dru\u017cyna zostanie\u00a0<strong>Zespo\u0142em Roku<\/strong>. Najlepszego arbitra wybior\u0105 kapitanowie dru\u017cyn. Przyznana zostanie r\u00f3wnie\u017c\u00a0<strong>nagroda specjalna<\/strong>\u00a0dla zespo\u0142u wyr\u00f3\u017cniaj\u0105cego si\u0119 wk\u0142adem w rozw\u00f3j rozgrywek Superbet WL Ligi.<\/p>\n\n\n\n<p><strong>V Plebiscyt Superbet WL Ligi za rok 2025<\/strong><\/p>\n\n\n\n<p><strong>Nagrodzeni zostan\u0105:<\/strong><\/p>\n\n\n\n<ul class=\"wp-block-list\">\n<li>Zawodnik Roku<\/li>\n\n\n\n<li>Dru\u017cyna Roku<\/li>\n\n\n\n<li>Mened\u017cer Roku<\/li>\n\n\n\n<li>Bramkarz Roku<\/li>\n\n\n\n<li>Arbiter Roku \/ Nagroda imienia Micha\u0142a Gurajdowskiego<\/li>\n\n\n\n<li>Nagroda specjalna za wk\u0142ad w rozw\u00f3j WL Ligi<\/li>\n<\/ul>\n\n\n\n<p>W ka\u017cdej z kategorii poznamy trzech nominowanych, spo\u015br\u00f3d kt\u00f3rych wy\u0142onieni zostan\u0105 zwyci\u0119zcy. Nominacje zostan\u0105 og\u0142oszone w najbli\u017cszych dniach na stronie internetowej oraz fanpage\u2019u WL Ligi.<\/p>\n\n\n\n<h3 class=\"wp-block-heading\">Zwyci\u0119zcy Plebiscytu Superbet WL Ligi<\/h3>\n\n\n\n<p><strong>Zawodnik Roku:<\/strong><br>2021 \/ Piotr Nowak (IKP Olimpia)<br>2022 \/ Mateusz Gajewski (FSC Braga\/transkrupka.pl)<br>2023 \/ Mateusz Gajewski (FSC Braga\/transkrupka.pl\/Revengers)<br>2024 \/ Piotr Nowak (IKP Olimpia)<\/p>\n\n\n\n<p><strong>Dru\u017cyna Roku:<\/strong><br>2021 \/ IKP Olimpia<br>2022 \/ transkrupka.pl<br>2023 \/ IKP Olimpia<br>2024 \/ Kaczmarek Transport<\/p>\n\n\n\n<p><strong>Manager Roku:<\/strong><br>2021 \/ Micha\u0142 Golak (transkrupka.pl)<br>2022 \/ Szymon Korczyk (Ch\u0142osta)<br>2023 \/ Micha\u0142 Golak (transkrupka.pl)<br>2024 \/ Filip Jerszy\u0144ski (Kaczmarek Transport)<\/p>\n\n\n\n<p><strong>Bramkarz Roku:<\/strong><br>2021 \/ Mateusz Chmal (transkrupka.pl)<br>2022 \/ Piotr Adamczak (Emeritos Galaktikos)<br>2023 \/ \u0141ukasz Machowina (IKP Olimpia)<br>2024 \/ \u0141ukasz Machowina (IKP Olimpia)<\/p>\n\n\n\n<p><strong>S\u0119dzia Roku, nagroda im. Micha\u0142a Gurajdowskiego:<\/strong><br>2021 \/ Tomasz Szlauderbach<br>2022 \/ Tomasz Szlauderbach<br>2023 \/ Tomasz Szlauderbach<br>2024 \/ Tomasz Szlauderbach<\/p>\n\n\n\n<p><strong>Nagroda specjalna za wk\u0142ad w rozw\u00f3j Superbet WL Ligi:<\/strong><br>2021 \/ Gietewu<br>2022 \/ Lacus Stoczniowiec<br>2023 \/ LED Lighting Team<br>2024 \/ PWW<\/p>\n\n\n\n<p><strong>Fanpage Roku:<\/strong><br>2022 \/ Emeritos Galaktikos<br>2023 \/ B\u0142\u0119kitni Czerwonak<\/p>\n","protected":false},"excerpt":{"rendered":"<p>Podczas najbli\u017cszej Gali Superbet WL Ligi, zaplanowanej na wtorek, 10 lutego, rozdane zostan\u0105 wyr\u00f3\u017cnienia podsumowuj\u0105ce mijaj\u0105cy rok. B\u0119dzie to\u00a0pi\u0105ta edycja Plebiscytu Superbet WL Ligi.<\/p>\n","protected":false},"author":2,"featured_media":36830,"comment_status":"closed","ping_status":"open","sticky":false,"template":"","format":"standard","meta":{"_jetpack_memberships_contains_paid_content":false,"footnotes":"","jetpack_publicize_message":"","jetpack_publicize_feature_enabled":true,"jetpack_social_post_already_shared":true,"jetpack_social_options":{"image_generator_settings":{"template":"highway","default_image_id":0,"font":"","enabled":false},"version":2}},"categories":[212],"tags":[],"class_list":["post-36829","post","type-post","status-publish","format-standard","has-post-thumbnail","hentry","category-plebiscyt-wl-ligi"],"jetpack_publicize_connections":[],"jetpack_featured_media_url":"https:\/\/ligawl.pl\/wp-content\/uploads\/2026\/01\/Plebiscyt_2025.png","jetpack_sharing_enabled":true,"_links":{"self":[{"href":"https:\/\/ligawl.pl\/index.php\/wp-json\/wp\/v2\/posts\/36829","targetHints":{"allow":["GET"]}}],"collection":[{"href":"https:\/\/ligawl.pl\/index.php\/wp-json\/wp\/v2\/posts"}],"about":[{"href":"https:\/\/ligawl.pl\/index.php\/wp-json\/wp\/v2\/types\/post"}],"author":[{"embeddable":true,"href":"https:\/\/ligawl.pl\/index.php\/wp-json\/wp\/v2\/users\/2"}],"replies":[{"embeddable":true,"href":"https:\/\/ligawl.pl\/index.php\/wp-json\/wp\/v2\/comments?post=36829"}],"version-history":[{"count":1,"href":"https:\/\/ligawl.pl\/index.php\/wp-json\/wp\/v2\/posts\/36829\/revisions"}],"predecessor-version":[{"id":36831,"href":"https:\/\/ligawl.pl\/index.php\/wp-json\/wp\/v2\/posts\/36829\/revisions\/36831"}],"wp:featuredmedia":[{"embeddable":true,"href":"https:\/\/ligawl.pl\/index.php\/wp-json\/wp\/v2\/media\/36830"}],"wp:attachment":[{"href":"https:\/\/ligawl.pl\/index.php\/wp-json\/wp\/v2\/media?parent=36829"}],"wp:term":[{"taxonomy":"category","embeddable":true,"href":"https:\/\/ligawl.pl\/index.php\/wp-json\/wp\/v2\/categories?post=36829"},{"taxonomy":"post_tag","embeddable":true,"href":"https:\/\/ligawl.pl\/index.php\/wp-json\/wp\/v2\/tags?post=36829"}],"curies":[{"name":"wp","href":"https:\/\/api.w.org\/{rel}","templated":true}]}}