{"id":34128,"date":"2025-05-21T08:00:52","date_gmt":"2025-05-21T06:00:52","guid":{"rendered":"https:\/\/ligawl.pl\/?p=34128"},"modified":"2025-05-21T08:01:26","modified_gmt":"2025-05-21T06:01:26","slug":"zmarl-lukasz-czajka-zawodnik-druzyny-icpen","status":"publish","type":"post","link":"https:\/\/ligawl.pl\/index.php\/2025\/05\/21\/zmarl-lukasz-czajka-zawodnik-druzyny-icpen\/","title":{"rendered":"Zmar\u0142 \u0141ukasz Czajka, zawodnik dru\u017cyny ICPen"},"content":{"rendered":"\n<h3 class=\"wp-block-heading\"><strong>Z ogromnym smutkiem informujemy o \u015bmierci \u0141ukasza Czajki \u2013 wieloletniego zawodnika dru\u017cyny ICPen, uczestnika WL Ligi od blisko trzynastu lat oraz s\u0119dziego pi\u0142karskiego Wielkopolskiego Zwi\u0105zku Pi\u0142ki No\u017cnej.<\/strong><\/h3>\n\n\n\n<p>\u0141ukasz Czajka zadebiutowa\u0142 w rozgrywkach WL Ligi w sezonie Wiosna 2012, reprezentuj\u0105c barwy Husarii Szczepankowo. W kolejnych sezonach gra\u0142 dla zespo\u0142u ICPen, z kt\u00f3rym zwi\u0105za\u0142 si\u0119 na sta\u0142e od wiosny 2014 roku. Przez 13 lat wyst\u0105pi\u0142 w 139 spotkaniach, zdobywaj\u0105c 31 bramek. Ostatni raz wybieg\u0142 na boisko WL Ligi 3 kwietnia br. w zwyci\u0119skim meczu przeciwko Koneserom.<\/p>\n\n\n\n<p>Poza gr\u0105 na boisku, \u0141ukasz pe\u0142ni\u0142 r\u00f3wnie\u017c rol\u0119 s\u0119dziego WZPN, b\u0119d\u0105c aktywnym uczestnikiem \u017cycia pi\u0142karskiego w Wielkopolsce.<\/p>\n\n\n\n<p>Msza \u015bwi\u0119ta pogrzebowa odb\u0119dzie si\u0119 w najbli\u017cszy pi\u0105tek o godzinie 10:00 w parafii pw. \u015aw. Andrzeja Aposto\u0142a przy ul. Sp\u0142awie w Poznaniu. Po niej nast\u0105pi poch\u00f3wek na parafialnym cmentarzu przy ul. Gospodarskiej.<\/p>\n\n\n\n<p><strong>W ho\u0142dzie \u0141ukaszowi wszystkie dzisiejsze mecze WL Ligi poprzedzi minuta ciszy.<\/strong><\/p>\n\n\n\n<p>Rodzinie, przyjacio\u0142om i bliskim \u0141ukasza sk\u0142adamy najszczersze wyrazy wsp\u00f3\u0142czucia.<\/p>\n","protected":false},"excerpt":{"rendered":"<p>Z ogromnym smutkiem informujemy o \u015bmierci \u0141ukasza Czajki \u2013 wieloletniego zawodnika dru\u017cyny ICPen, uczestnika WL Ligi od blisko trzynastu lat oraz s\u0119dziego pi\u0142karskiego Wielkopolskiego Zwi\u0105zku Pi\u0142ki No\u017cnej.<\/p>\n","protected":false},"author":2,"featured_media":34129,"comment_status":"closed","ping_status":"open","sticky":false,"template":"","format":"standard","meta":{"_jetpack_memberships_contains_paid_content":false,"footnotes":"","jetpack_publicize_message":"","jetpack_publicize_feature_enabled":true,"jetpack_social_post_already_shared":true,"jetpack_social_options":{"image_generator_settings":{"template":"highway","default_image_id":0,"font":"","enabled":false},"version":2}},"categories":[211],"tags":[],"class_list":["post-34128","post","type-post","status-publish","format-standard","has-post-thumbnail","hentry","category-komunikat"],"jetpack_publicize_connections":[],"jetpack_featured_media_url":"https:\/\/ligawl.pl\/wp-content\/uploads\/2025\/05\/Newsy_WLLiga-1.png","jetpack_sharing_enabled":true,"_links":{"self":[{"href":"https:\/\/ligawl.pl\/index.php\/wp-json\/wp\/v2\/posts\/34128","targetHints":{"allow":["GET"]}}],"collection":[{"href":"https:\/\/ligawl.pl\/index.php\/wp-json\/wp\/v2\/posts"}],"about":[{"href":"https:\/\/ligawl.pl\/index.php\/wp-json\/wp\/v2\/types\/post"}],"author":[{"embeddable":true,"href":"https:\/\/ligawl.pl\/index.php\/wp-json\/wp\/v2\/users\/2"}],"replies":[{"embeddable":true,"href":"https:\/\/ligawl.pl\/index.php\/wp-json\/wp\/v2\/comments?post=34128"}],"version-history":[{"count":2,"href":"https:\/\/ligawl.pl\/index.php\/wp-json\/wp\/v2\/posts\/34128\/revisions"}],"predecessor-version":[{"id":34131,"href":"https:\/\/ligawl.pl\/index.php\/wp-json\/wp\/v2\/posts\/34128\/revisions\/34131"}],"wp:featuredmedia":[{"embeddable":true,"href":"https:\/\/ligawl.pl\/index.php\/wp-json\/wp\/v2\/media\/34129"}],"wp:attachment":[{"href":"https:\/\/ligawl.pl\/index.php\/wp-json\/wp\/v2\/media?parent=34128"}],"wp:term":[{"taxonomy":"category","embeddable":true,"href":"https:\/\/ligawl.pl\/index.php\/wp-json\/wp\/v2\/categories?post=34128"},{"taxonomy":"post_tag","embeddable":true,"href":"https:\/\/ligawl.pl\/index.php\/wp-json\/wp\/v2\/tags?post=34128"}],"curies":[{"name":"wp","href":"https:\/\/api.w.org\/{rel}","templated":true}]}}