{"id":28647,"date":"2024-02-27T11:36:37","date_gmt":"2024-02-27T10:36:37","guid":{"rendered":"https:\/\/ligawl.pl\/?p=28647"},"modified":"2024-02-27T11:40:13","modified_gmt":"2024-02-27T10:40:13","slug":"afgcomputers-pl-awansowali-do-superbet-1-wl-ligi","status":"publish","type":"post","link":"https:\/\/ligawl.pl\/index.php\/2024\/02\/27\/afgcomputers-pl-awansowali-do-superbet-1-wl-ligi\/","title":{"rendered":"afgcomputers.pl awansowali do Superbet 1. WL Ligi"},"content":{"rendered":"\n<h3 class=\"wp-block-heading\"><strong>Czwarty zesp\u00f3\u0142 poprzedniego sezonu w drugiej lidze awansowa\u0142 do najwy\u017cszej klasy rozgrywkowej. Dla zesz\u0142orocznego beniaminka zaplecza elity jest to druga promocja z rz\u0119du. W finale Superbet Play-off pokona\u0142 po emocjonuj\u0105cym meczu FSC Brag\u0119. Do wy\u0142onienia nowego pierwszoligowca potrzebna by\u0142a dogrywka. <\/strong><\/h3>\n\n\n\n<p>Do rywalizacji o ostatnie wolne miejsce w pierwszej lidze stan\u0119\u0142y cztery dru\u017cyny &#8211; FSC Braga, Evertec, afgcomputers.pl i Prostal. Faworytem rywalizacji by\u0142a ta pierwsza ekipa, kt\u00f3ra w poprzednich latach sp\u0119dzi\u0142a pi\u0119\u0107 edycji w najwy\u017cszej klasie rozgrywkowej. Zanim Braga stan\u0119\u0142a do rywalizacji w p\u00f3\u0142finale z Prostalem odby\u0142 si\u0119 pierwszy mecz 1\/2, w kt\u00f3rym br\u0105zowi medali\u015bci drugiego frontu &#8211; Evertec &#8211; zmierzyli si\u0119 z czwartym afgcomputers.pl. Pocz\u0105tek w wykonaniu zespo\u0142u prowadzonego przez Adama Anio\u0142\u0119 by\u0142 wyborny. Po czterech minutach i golach Macieja Pierzy\u0144skiego AFG prowadzi\u0142o 2:0. Ten sam zawodnik, kt\u00f3ry wyr\u00f3s\u0142 na bohatera play-off\u00f3w, w 9 min mia\u0142 ju\u017c na koncie trzy bramki. Pierwsza po\u0142owa zako\u0144czy\u0142a si\u0119 wysokim prowadzeniem &#8211; 5:0. Do siatki przed zmian\u0105 stron trafili jeszcze Jakub Tonder i Norbert Kwiecie\u0144. Evertec potrafi\u0142 w pewnym momencie zmniejszy\u0107 strat\u0119 do trzech goli, ale nie zdo\u0142a\u0142 zbli\u017cy\u0107 si\u0119 na odleg\u0142o\u015b\u0107, kt\u00f3ra pozwala\u0142aby my\u015ble\u0107 o rozpocz\u0119ciu pogoni za rywalem. Ostatecznie pojedynek zako\u0144czy\u0142 si\u0119 wygran\u0105 afgcomputers.pl 6:3. <\/p>\n\n\n\n<p>W sobie tylko wiadomy spos\u00f3b drugi mecz p\u00f3\u0142fina\u0142owy przegra\u0142 Prostal. Pierwsza ods\u0142ona zako\u0144czy\u0142a si\u0119 remisem 1:1. Drug\u0105 w najlepszy mo\u017cliwy spos\u00f3b rozpocz\u0105\u0142 Prostal, kt\u00f3rego na prowadzenie 2:1 w 16 min gry wyprowdzi\u0142 Mateusz Walczyk. Osiem minut p\u00f3\u017aniej z boiska za czerwon\u0105 kartk\u0119 wylecia\u0142 Aleks Glabus. Braga musia\u0142a sobie radzi\u0107 o jednego zawodnika mniej i &#8230; sobie poradzi\u0142a. Do wyr\u00f3wnania doprowadzi\u0142 niezawodny Mateusz Gajewski, a dwie minuty przed ko\u0144cowym gwizdkiem na 3:2 trafi\u0142 bramkarz FSC &#8211; Maciej Wi\u015bniewski! Jak si\u0119 p\u00f3\u017aniej okaza\u0142o by\u0142o to trafienie na wag\u0119 awansu do fina\u0142u. <\/p>\n\n\n\n<p>To by\u0142 prawdziwy rollercoaster! Pojedynek fina\u0142owy pomi\u0119dzy Brag\u0105 i AFG by\u0142 godny starcia, kt\u00f3rego stawk\u0105 by\u0142a pierwsza liga. Wynik zmienia\u0142 si\u0119 jak w kalejdoskopie, a o tym kto zagra na wiosn\u0119 w elicie zadecydowa\u0142a 3-minutowa dogrywka. Pocz\u0105tek nale\u017ca\u0142 do Bragi, kt\u00f3r\u0105 na dwubramkowe prowadzenie w 9 min wyprowadzi\u0142 strzelec obu goli, Miko\u0142aj Hajdasz. Do g\u0142osu doszed\u0142 afgcomputers.pl. Gola kontaktowego na swoje konto zapisa\u0142 Pierzy\u0144ski, a nast\u0119pnie, ju\u017c po zmianie stron na li\u015bcie znale\u017ali si\u0119 kolejno Tonder, Norbert Kwiecie\u0144 i Olivier Strosin. Braga zdo\u0142a\u0142a odwr\u00f3ci\u0107 wynik zdobywaj\u0105c kolejne trzy bramki. Dwukrotnie bramkarza rywali pokona\u0142 Gajewski, ale wcze\u015bniej wa\u017cnego gola daj\u0105cego kontakt zdoby\u0142 Micha\u0142 Gruszka. Skromnego prowadzenia nie uda\u0142o si\u0119 jednak utrzyma\u0107 FSC. Kilkadziesi\u0105t sekund przed ko\u0144cem &#8211; w 29 min &#8211; trafi\u0142, po raz drugi w tym spotkaniu, Tonder. By\u0142 to gol piecz\u0119tuj\u0105cy dogrywk\u0119. W dodatkowym czasie gry da\u0142o o sobie zna\u0107 zm\u0119czenie w szeregach Bragi, kt\u00f3ra przez ca\u0142e spotkanie musia\u0142a rywalizowa\u0107 bez rezerwowych. Bez skrupu\u0142\u00f3w wykorzysta\u0142 to afgcomputers.pl zdobywaj\u0105c dwa gole na wag\u0119 awansu do pierwszej ligi! Dru\u017cyn\u0119 do najwy\u017cszej klasy rozgrywkowej wprowadzi\u0142y trafienia Sebastiana \u0141uczaka i Pierzy\u0144skiego, kt\u00f3ry faz\u0119 play-ff zako\u0144czy\u0142 z pi\u0119cioma trafieniami. <\/p>\n\n\n\n<p><strong>1\/2 fina\u0142u<\/strong><\/p>\n\n\n\n<p><strong>Evertec &#8211; afgcomputers.pl 3:6 (0:5)<\/strong><br>\u26bd\ufe0f 20&#8242; 30&#8242; Sebastian Nawrot, 23&#8242; Krystian Schreiber &#8211; 2&#8242; 4&#8242; 9&#8242; Maciej Pierzy\u0144ski, 10&#8242; 26&#8242; Jakub Tonder, 15&#8242; Norbert Kwiecie\u0144<br>\u2b50\ufe0f Maciej Pierzy\u0144ski (afgcomputers.pl)<\/p>\n\n\n\n<p><strong>FSC Braga &#8211; Prostal 3:2 (1:1)<br><\/strong>\u26bd\ufe0f 14&#8242; Krzysztof St\u0119pniak, 25&#8242; Mateusz Gajewski, 28&#8242; Maciej Wi\u015bniewski &#8211; 5&#8242; Patryk Kaczmarek, 16&#8242; Mateusz Walczyk<br>\ud83d\udd34 Aleks Glabus (FSC Braga)<br>\u2b50\ufe0f Maciej Wi\u015bniewski (FSC Braga)<\/p>\n\n\n\n<p><strong>Fina\u0142<\/strong><br><br><strong>afgcomputers.pl &#8211; FSC Braga 7:5 (1:2, 5:5)<br><\/strong>\u26bd\ufe0f 11&#8242; 32&#8242; Maciej Pierzy\u0144ski, 17&#8242; 29&#8242; Jakub Tonder, 18&#8242; Norbert Kwiecie\u0144, 19&#8242; Olivier Strosin, 31&#8242; Sebastian \u0141uczak &#8211; 3&#8242; 9&#8242; Miko\u0142aj Hajdasz, 24&#8242; 28&#8242; Mateusz Gajewski, 20&#8242; Micha\u0142 Gruszka<br>\ud83d\udfe1 Olivier Strosin (afgcomputers.pl), Jakub Hajman (FSC Braga)<br>\u2b50\ufe0f Maciej Pierzy\u0144ski (afgcomputers.pl)<\/p>\n","protected":false},"excerpt":{"rendered":"<p>Czwarty zesp\u00f3\u0142 poprzedniego sezonu w drugiej lidze awansowa\u0142 do najwy\u017cszej klasy rozgrywkowej. Dla zesz\u0142orocznego beniaminka zaplecza elity jest to druga promocja z rz\u0119du. W final Superbet Play-off pokona\u0142 po emocjonuj\u0105cym meczu FSC Brag\u0119. Do wy\u0142onienia nowego pierwszoligowca potrzebna by\u0142a dogrywka. <\/p>\n","protected":false},"author":2,"featured_media":28649,"comment_status":"closed","ping_status":"open","sticky":false,"template":"","format":"standard","meta":{"_jetpack_memberships_contains_paid_content":false,"footnotes":"","jetpack_publicize_message":"","jetpack_publicize_feature_enabled":true,"jetpack_social_post_already_shared":true,"jetpack_social_options":{"image_generator_settings":{"template":"highway","default_image_id":0,"font":"","enabled":false},"version":2}},"categories":[203],"tags":[],"class_list":["post-28647","post","type-post","status-publish","format-standard","has-post-thumbnail","hentry","category-playoff"],"jetpack_publicize_connections":[],"jetpack_featured_media_url":"https:\/\/ligawl.pl\/wp-content\/uploads\/2024\/02\/afgcomputers_pl_news.png","jetpack_sharing_enabled":true,"_links":{"self":[{"href":"https:\/\/ligawl.pl\/index.php\/wp-json\/wp\/v2\/posts\/28647","targetHints":{"allow":["GET"]}}],"collection":[{"href":"https:\/\/ligawl.pl\/index.php\/wp-json\/wp\/v2\/posts"}],"about":[{"href":"https:\/\/ligawl.pl\/index.php\/wp-json\/wp\/v2\/types\/post"}],"author":[{"embeddable":true,"href":"https:\/\/ligawl.pl\/index.php\/wp-json\/wp\/v2\/users\/2"}],"replies":[{"embeddable":true,"href":"https:\/\/ligawl.pl\/index.php\/wp-json\/wp\/v2\/comments?post=28647"}],"version-history":[{"count":6,"href":"https:\/\/ligawl.pl\/index.php\/wp-json\/wp\/v2\/posts\/28647\/revisions"}],"predecessor-version":[{"id":28654,"href":"https:\/\/ligawl.pl\/index.php\/wp-json\/wp\/v2\/posts\/28647\/revisions\/28654"}],"wp:featuredmedia":[{"embeddable":true,"href":"https:\/\/ligawl.pl\/index.php\/wp-json\/wp\/v2\/media\/28649"}],"wp:attachment":[{"href":"https:\/\/ligawl.pl\/index.php\/wp-json\/wp\/v2\/media?parent=28647"}],"wp:term":[{"taxonomy":"category","embeddable":true,"href":"https:\/\/ligawl.pl\/index.php\/wp-json\/wp\/v2\/categories?post=28647"},{"taxonomy":"post_tag","embeddable":true,"href":"https:\/\/ligawl.pl\/index.php\/wp-json\/wp\/v2\/tags?post=28647"}],"curies":[{"name":"wp","href":"https:\/\/api.w.org\/{rel}","templated":true}]}}