{"id":25670,"date":"2023-05-31T16:52:33","date_gmt":"2023-05-31T14:52:33","guid":{"rendered":"https:\/\/ligawl.pl\/?p=25670"},"modified":"2023-05-31T16:56:53","modified_gmt":"2023-05-31T14:56:53","slug":"rozdanie-nagrod-za-sezon-zima-2022-2023-odbedzie-sie-w-najblizsza-niedziele","status":"publish","type":"post","link":"https:\/\/ligawl.pl\/index.php\/2023\/05\/31\/rozdanie-nagrod-za-sezon-zima-2022-2023-odbedzie-sie-w-najblizsza-niedziele\/","title":{"rendered":"Rozdanie nagr\u00f3d za sezon Zima 2022\/2023 odb\u0119dzie si\u0119 w najbli\u017csz\u0105 niedziel\u0119"},"content":{"rendered":"\n<h2 class=\"wp-block-heading\">Najlepsze zespo\u0142y edycji zimowej zostan\u0105 nagrodzone w niedziel\u0119, 4 czerwca. Rozdanie nagr\u00f3d odb\u0119dzie si\u0119 przy boisku Grunwaldzka przed Final Six Pucharu WL Ligi. Pocz\u0105tek zosta\u0142 zaplanowany na godzin\u0119 17:45. <\/h2>\n\n\n\n<p>Ze wzgl\u0119du na du\u017c\u0105 liczb\u0119 wydarze\u0144 organizowanych przez Stowarzyszenie Wiara Lecha &#8211; mecze trzech sekcji sport\u00f3w dru\u017cynowych (w tym turniej play-off o 2. lig\u0119 koszyk\u00f3wki), Kibolsk\u0105 Dych\u0119 czy te\u017c turniej tenisa i brak termin\u00f3w spowodowanych d\u0142u\u017csz\u0105 przygod\u0105 Lecha w Lidze Konferencji Gala WL Ligi w uroczystej formie nie dojdzie do skutku. Najlepsze zespo\u0142y kampanii rozgrywanej pod d\u0119bieckim balonem zostan\u0105 nagrodzone przed Final Six wiosennego Pucharu WL Ligi, kt\u00f3ry odb\u0119dzie si\u0119 w niedziel\u0119, <strong>4 czerwca<\/strong> na <strong>boisku Grunwaldzka<\/strong>. Pocz\u0105tek rozdania nagr\u00f3d zosta\u0142 zaplanowany o godzinie <strong>17:45<\/strong>. <\/p>\n\n\n\n<p>Dru\u017cyny oraz najlepsi zawodnicy zostan\u0105 nagrodzeni pucharami, okoliczno\u015bciowymi medalami, statuetkami i talonami na zakup sprz\u0119tu sportowego firmy<strong> AdRunaLine<\/strong> i gad\u017cetami Lecha Pozna\u0144.<\/p>\n","protected":false},"excerpt":{"rendered":"<p>Najlepsze zespo\u0142y edycji zimowej zostan\u0105 nagrodzone w niedziel\u0119, 4 czerwca. Rozdanie nagr\u00f3d odb\u0119dzie si\u0119 przy boisku Grunwaldzka przed Final Six Pucharu WL Ligi. Pocz\u0105tek zosta\u0142 zaplanowany na godzin\u0119 17:45. <\/p>\n","protected":false},"author":2,"featured_media":25671,"comment_status":"closed","ping_status":"open","sticky":false,"template":"","format":"standard","meta":{"_jetpack_memberships_contains_paid_content":false,"footnotes":"","jetpack_publicize_message":"","jetpack_publicize_feature_enabled":true,"jetpack_social_post_already_shared":true,"jetpack_social_options":{"image_generator_settings":{"template":"highway","default_image_id":0,"font":"","enabled":false},"version":2}},"categories":[185],"tags":[],"class_list":["post-25670","post","type-post","status-publish","format-standard","has-post-thumbnail","hentry","category-gala-wl-ligi"],"jetpack_publicize_connections":[],"jetpack_featured_media_url":"https:\/\/ligawl.pl\/wp-content\/uploads\/2023\/05\/Rozdanie.png","jetpack_sharing_enabled":true,"_links":{"self":[{"href":"https:\/\/ligawl.pl\/index.php\/wp-json\/wp\/v2\/posts\/25670","targetHints":{"allow":["GET"]}}],"collection":[{"href":"https:\/\/ligawl.pl\/index.php\/wp-json\/wp\/v2\/posts"}],"about":[{"href":"https:\/\/ligawl.pl\/index.php\/wp-json\/wp\/v2\/types\/post"}],"author":[{"embeddable":true,"href":"https:\/\/ligawl.pl\/index.php\/wp-json\/wp\/v2\/users\/2"}],"replies":[{"embeddable":true,"href":"https:\/\/ligawl.pl\/index.php\/wp-json\/wp\/v2\/comments?post=25670"}],"version-history":[{"count":2,"href":"https:\/\/ligawl.pl\/index.php\/wp-json\/wp\/v2\/posts\/25670\/revisions"}],"predecessor-version":[{"id":25674,"href":"https:\/\/ligawl.pl\/index.php\/wp-json\/wp\/v2\/posts\/25670\/revisions\/25674"}],"wp:featuredmedia":[{"embeddable":true,"href":"https:\/\/ligawl.pl\/index.php\/wp-json\/wp\/v2\/media\/25671"}],"wp:attachment":[{"href":"https:\/\/ligawl.pl\/index.php\/wp-json\/wp\/v2\/media?parent=25670"}],"wp:term":[{"taxonomy":"category","embeddable":true,"href":"https:\/\/ligawl.pl\/index.php\/wp-json\/wp\/v2\/categories?post=25670"},{"taxonomy":"post_tag","embeddable":true,"href":"https:\/\/ligawl.pl\/index.php\/wp-json\/wp\/v2\/tags?post=25670"}],"curies":[{"name":"wp","href":"https:\/\/api.w.org\/{rel}","templated":true}]}}