{"id":24924,"date":"2023-03-30T19:53:29","date_gmt":"2023-03-30T17:53:29","guid":{"rendered":"https:\/\/ligawl.pl\/?p=24924"},"modified":"2023-03-30T20:00:50","modified_gmt":"2023-03-30T18:00:50","slug":"zapisy-na-wiosenny-puchar-wl-ligi","status":"publish","type":"post","link":"https:\/\/ligawl.pl\/index.php\/2023\/03\/30\/zapisy-na-wiosenny-puchar-wl-ligi\/","title":{"rendered":"Zapisy na wiosenny Puchar WL Ligi"},"content":{"rendered":"\n<h2 class=\"wp-block-heading\">Do poniedzia\u0142ku, 3 kwietnia b\u0119dzie mo\u017cna zapisa\u0107 dru\u017cyn\u0119 do rozgrywek wiosennego Pucharu WL Ligi. Pierwsze mecze zosta\u0142y zaplanowane na niedziel\u0119, 23 kwietnia. Trofeum broni\u0107 b\u0119d\u0105 El Pistoleros, kt\u00f3rzy zim\u0105 wywalczyli przepustk\u0119 do rozgrywek Pucharu Polski. <\/h2>\n\n\n\n<p>Dru\u017cyny, kt\u00f3re zg\u0142osi\u0142y si\u0119 do rozgrywek WL Ligi bez oddzielnego zg\u0142oszenia do Pucharu WL Ligi (przyjmowanego drog\u0105 mailow\u0105 pod adres:<strong> liga@wiaralecha.pl<\/strong>) nie zostan\u0105 dopuszczone do rywalizacji pucharowej. W poprzedniej edycji zako\u0144czonej triumfem El Pistoleros zagra\u0142o 19 zespo\u0142\u00f3w. <\/p>\n\n\n\n<p>G\u0142\u00f3wn\u0105 stawk\u0105 opr\u00f3cz trofeum b\u0119dzie bezpo\u015bredni awans na fina\u0142y Pucharu Polski. Jest to mo\u017cliwe, gdy\u017c El Pistoleros triumfowali w dw\u00f3ch wcze\u015bniejszych edycjach sezonu 2022\/2023 &#8211; podczas jesiennej i zimowej kampanii. <\/p>\n\n\n\n<p>W rozgrywkach pucharowych w najbli\u017cszej edycji nie b\u0119dzie m\u00f3g\u0142 zagra\u0107 jedynie FTF, kt\u00f3ry odbywa kar\u0119 za brak obecno\u015bci na meczach pucharowych, pomimo deklaracji gry, w edycji Jesie\u0144 2022. Obecny beniaminek drugiej ligi nie zagra w pucharowych rozgrywkach w roku 2023. Do gry o Puchar WL Ligi b\u0119dzie m\u00f3g\u0142 wr\u00f3ci\u0107 na przysz\u0142\u0105 wiosn\u0119. Podobne sankcje czekaj\u0105 dru\u017cyny, kt\u00f3re wy\u015bl\u0105 zg\u0142oszenie, a nast\u0119pnie po losowaniu grup odm\u00f3wi\u0105 gry. Taki zesp\u00f3\u0142 musi liczy\u0107 si\u0119 z kar\u0105 dyskwalifikacji na rozgrywki Pucharu WL Ligi na sezony: Jesie\u0144 2023 i Wiosna 2024. <\/p>\n\n\n\n<p>Mecze Pucharu WL Ligi b\u0119d\u0105 odbywa\u0107 si\u0119 w weekendy. G\u0142\u00f3wnym dniem rozgrywania mecz\u00f3w PWL b\u0119dzie sobota, lecz cz\u0119\u015b\u0107 spotka\u0144 mo\u017ce zosta\u0107 rozegrana w niedziel\u0119. Losowanie grup wiosennej edycji zosta\u0142o zaplanowane na wtorek, 4 kwietnia. Mecze pierwszej fazy zostan\u0105 rozegrane w niedziel\u0119, 23 kwietnia. <\/p>\n","protected":false},"excerpt":{"rendered":"<p>Do poniedzia\u0142ku, 3 kwietnia b\u0119dzie mo\u017cna zapisa\u0107 dru\u017cyn\u0119 do rozgrywek wiosennego Pucharu WL Ligi. Pierwsze mecze zosta\u0142y zaplanowane na niedziel\u0119, 23 kwietnia. Trofeum broni\u0107 b\u0119d\u0105 El Pistoleros, kt\u00f3rzy zim\u0105 wywalczyli przepustk\u0119 do rozgrywek Pucharu Polski. <\/p>\n","protected":false},"author":2,"featured_media":24929,"comment_status":"closed","ping_status":"open","sticky":false,"template":"","format":"standard","meta":{"_jetpack_memberships_contains_paid_content":false,"footnotes":"","jetpack_publicize_message":"","jetpack_publicize_feature_enabled":true,"jetpack_social_post_already_shared":true,"jetpack_social_options":{"image_generator_settings":{"template":"highway","default_image_id":0,"font":"","enabled":false},"version":2}},"categories":[21],"tags":[],"class_list":["post-24924","post","type-post","status-publish","format-standard","has-post-thumbnail","hentry","category-pwl"],"jetpack_publicize_connections":[],"jetpack_featured_media_url":"https:\/\/ligawl.pl\/wp-content\/uploads\/2023\/03\/komunikat_puchar.png","jetpack_sharing_enabled":true,"_links":{"self":[{"href":"https:\/\/ligawl.pl\/index.php\/wp-json\/wp\/v2\/posts\/24924","targetHints":{"allow":["GET"]}}],"collection":[{"href":"https:\/\/ligawl.pl\/index.php\/wp-json\/wp\/v2\/posts"}],"about":[{"href":"https:\/\/ligawl.pl\/index.php\/wp-json\/wp\/v2\/types\/post"}],"author":[{"embeddable":true,"href":"https:\/\/ligawl.pl\/index.php\/wp-json\/wp\/v2\/users\/2"}],"replies":[{"embeddable":true,"href":"https:\/\/ligawl.pl\/index.php\/wp-json\/wp\/v2\/comments?post=24924"}],"version-history":[{"count":3,"href":"https:\/\/ligawl.pl\/index.php\/wp-json\/wp\/v2\/posts\/24924\/revisions"}],"predecessor-version":[{"id":24934,"href":"https:\/\/ligawl.pl\/index.php\/wp-json\/wp\/v2\/posts\/24924\/revisions\/24934"}],"wp:featuredmedia":[{"embeddable":true,"href":"https:\/\/ligawl.pl\/index.php\/wp-json\/wp\/v2\/media\/24929"}],"wp:attachment":[{"href":"https:\/\/ligawl.pl\/index.php\/wp-json\/wp\/v2\/media?parent=24924"}],"wp:term":[{"taxonomy":"category","embeddable":true,"href":"https:\/\/ligawl.pl\/index.php\/wp-json\/wp\/v2\/categories?post=24924"},{"taxonomy":"post_tag","embeddable":true,"href":"https:\/\/ligawl.pl\/index.php\/wp-json\/wp\/v2\/tags?post=24924"}],"curies":[{"name":"wp","href":"https:\/\/api.w.org\/{rel}","templated":true}]}}