{"id":24867,"date":"2023-03-28T10:16:42","date_gmt":"2023-03-28T08:16:42","guid":{"rendered":"https:\/\/ligawl.pl\/?p=24867"},"modified":"2023-03-28T10:16:45","modified_gmt":"2023-03-28T08:16:45","slug":"emeritos-galaktikos-liderem-z-kompletem-punktow-pierwsze-zwyciestwo-byczkow","status":"publish","type":"post","link":"https:\/\/ligawl.pl\/index.php\/2023\/03\/28\/emeritos-galaktikos-liderem-z-kompletem-punktow-pierwsze-zwyciestwo-byczkow\/","title":{"rendered":"Emeritos Galaktikos liderem z kompletem punkt\u00f3w, pierwsze zwyci\u0119stwo Byczk\u00f3w"},"content":{"rendered":"\n<h2 class=\"wp-block-heading\">W poniedzia\u0142kowy wiecz\u00f3r wystartowa\u0142a sz\u00f3sta ods\u0142ona wiosennej edycji. Ch\u0142osta pokona\u0142a w meczu kolejki Brag\u0119, wysokie wygrane na swoje konta zapisali Emeritos Galaktikos i afgcomputers.pl, Byczki odnios\u0142y premierowe zwyci\u0119stwo w obecnej edycji. <\/h2>\n\n\n\n<h2 class=\"has-medium-font-size wp-block-heading\">1. WL Liga: Ch\u0142osta lepsza od Bragi<\/h2>\n\n\n\n<p>Mecz na szczycie mia\u0142 dwa oblicza. Pierwsze by\u0142o zdominowane przez Ch\u0142ost\u0119, kt\u00f3ra przed przerw\u0105 mia\u0142a u\u0142atwione zadanie rywalizuj\u0105c z przewag\u0105 jednego zawodnika. Wykorzysta\u0142a to w pe\u0142ni wygrywaj\u0105c pierwsz\u0105 cz\u0119\u015b\u0107 6:1. Po zmianie stron Braga uzupe\u0142ni\u0142a sk\u0142ad i ruszy\u0142a w po\u015bcig za mistrzami. W 27 min traci\u0142a do Ch\u0142osty trzy gole. Wydawa\u0142o si\u0119, \u017ce strzelony 60 sekund p\u00f3\u017aniej trzeci gol Mateusza Wi\u015bniewskiego zamkn\u0105\u0142 mecz, ale Braga nie zamierza\u0142a si\u0119 podda\u0107. Dwa kolejne trafienia Micha\u0142a Gruszki zmniejszy\u0142y strat\u0119 do dw\u00f3ch bramek i doprowadzi\u0142y do emocjonuj\u0105cej ko\u0144c\u00f3wki. FSC atakowa\u0142o ca\u0142ym zespo\u0142em, natomiast Ch\u0142osta skupi\u0142a si\u0119 na defensywie i wyprowadzaniu kontr. Jedna z nich zako\u0144czy\u0142a si\u0119 powodzeniem. W 38 min Micha\u0142 Kaczmarek po raz drugi wpisa\u0142 si\u0119 na list\u0119 strzelc\u00f3w piecz\u0119tuj\u0105c tym samym zwyci\u0119stwo obro\u0144c\u00f3w tytu\u0142u. Wynik meczu na 9:7 ustali\u0142 Mateusza Gajewski. W 39 min zdoby\u0142 swojego trzeciego gola, kt\u00f3ry pozwoli\u0142 zosta\u0107 samodzielnym liderem klasyfikacji strzelc\u00f3w. <\/p>\n\n\n\n<p><strong>Ch\u0142osta &#8211; FSC Braga 9:7 (6:1)<\/strong><br>\u26bd\ufe0f 4&#8242; 6&#8242; 28&#8242; Mateusz Wi\u015bniewski, 2&#8242; 38&#8242; Micha\u0142 Kaczmarek, 5&#8242; 16&#8242; Miko\u0142aj Nowak, 10&#8242; Mateusz Wawrowski, 23&#8242; \u0141ukasz Falkowski &#8211; 27&#8242; 29&#8242; 39&#8242; Mateusz Gajewski, 34&#8242; 36&#8242; Micha\u0142 Gruszka, 13&#8242; Miko\u0142aj Hajdasz, 22&#8242; Serii Nikolaiev<br>\u2b50\ufe0f Mateusz Wi\u015bniewski (Ch\u0142osta)<\/p>\n\n\n\n<h2 class=\"has-medium-font-size wp-block-heading\">2. WL Liga: Wysokie zwyci\u0119stwo Emeritos Galaktikos warte pozycji lidera<\/h2>\n\n\n\n<p>Pojedynek dw\u00f3ch spadkowicz\u00f3w mia\u0142 jednostronny przebieg. Po jedenastu minutach Emeritos Galaktikos wygrywali z Evertec-iem a\u017c 5:0. Dwukrotnie pi\u0142k\u0119 do siatki skierowali Przemys\u0142aw Szumski i Krystian Bartkowiak, a jedno trafienie dorzuci\u0142 Sebastian Iwi\u0144ski. Ten ostatni ustali\u0142 wynik pierwszej ods\u0142ony w 17 min. Szumski po przerwie jeszcze raz pokona\u0142 golkipera Evertec-a. W 32 min podwy\u017cszy\u0142 na 9:1. Ostatnie s\u0142owo nale\u017ca\u0142o do Dawida Piego\u0144skiego, kt\u00f3ry minut\u0119 przed ko\u0144cem skompletowa\u0142 dublet. Emeritos Galaktikos odnie\u015bli efektowne zwyci\u0119stwo 10:1. W tabeli s\u0105 na prowadzeniu, Evertec natomiast zamyka ligow\u0105 klasyfikacj\u0119. <\/p>\n\n\n\n<p><strong>Emeritos Galaktikos &#8211; Evertec 10:1 (6:0)<\/strong><br>\u26bd\ufe0f 9&#8242; 11&#8242; 32&#8242; Przemys\u0142aw Szumski, 5&#8242; 8&#8242; Krystian Bartkowiak, 6&#8242; 17&#8242; Sebastian Iwi\u0144ski, 28&#8242; 39&#8242; Dawid Piego\u0144ski, 29&#8242; Maciej Paw\u0142owski &#8211; 27&#8242; Kacper Hytry<br>\u2b50\ufe0f Przemys\u0142aw Szumski (Emeritos Galaktikos)<\/p>\n\n\n\n<h2 class=\"has-medium-font-size wp-block-heading\">3. WL Liga: Efektowny beniaminek<\/h2>\n\n\n\n<p>Drugie efektowne zwyci\u0119stwo odnie\u015bli zawodnicy afgcomputers.pl. Po zesz\u0142otygodniowej wygranej nad Czarnymi Panterami do dorobku zosta\u0142 dopisany drugi triumf. Beniaminek nie da\u0142 \u017cadnych szans Szturmowcom. Do przerwy afgcomputers.pl prowadzili ju\u017c 6:0, a po zmianie stron zaaplikowali rywalom jeszcze pi\u0119\u0107 bramek trac\u0105c przy okazji jednego gola. Kr\u00f3lami polowania zostali Andriy Nazarevych i Damian Wojtkowiak. Obaj zdobyli po cztery gole. <\/p>\n\n\n\n<p>Drugie w historii &#8230; bycze derby i drugie zwyci\u0119stwo Byczk\u00f3w. Jesieni\u0105 wygrali 8:5, wiosn\u0105 7:3. Byczki szybko uzyska\u0142y przewag\u0119 nad Polibulls. Po dwunastu minutach wygrywa\u0142y 4:0 po trzech trafieniach Tomasza \u015awiderskiego i jednym J\u0119drzeja Ku\u0107maji. Jeszcze przed przerw\u0105 Polibulls doszli do g\u0142osu, czego efektem by\u0142y dwa gole zdobyte przed Micha\u0142a Budaja i Kacpra Muzyk\u0119. Po zmianie stron na kolejne bramki trzeba by\u0142o czeka\u0107 blisko kwadrans. Trzy razy do siatki trafi\u0142y Byczki, raz Polibulls. Dla tej pierwszej ekipy by\u0142o to premierowe zwyci\u0119stwo na wiosn\u0119. Polibulls zmarnowali za to szans\u0119 na wskoczenie na pozycj\u0119 wicelidera. <\/p>\n\n\n\n<p><strong>afgcomputers.pl &#8211; Szturmowcy 11:1 (6:0)<\/strong><br>\u26bd\ufe0f 1&#8242; 17&#8242; 23&#8242; 26&#8242; Andriy Nazarevych, 14&#8242; 16&#8242; 20&#8242; 21&#8242; Damian Wojtkowiak, 11&#8242; 38&#8242; Tomasz Klamecki, 25&#8242; Filip Paszkiewicz &#8211; 36&#8242; Dariusz Mieczkowski<br>\ud83d\udfe1 Andriy Nazarevych (afgcomputers.pl)<br>\u2b50\ufe0f Damian Wojtkowiak (afgcomputers.pl)<\/p>\n\n\n\n<p><strong>Polibulls &#8211; Byczki<\/strong> <strong>3:7 (2:4)<\/strong><br>\u26bd\ufe0f 14&#8242; 37&#8242; Micha\u0142 Budaj, 17&#8242; Kacper Muzyka &#8211; 3&#8242; 8&#8242; 12&#8242; 34&#8242; Tomasz \u015awiderski, 4&#8242; J\u0119drzej Ku\u0107maja, 36&#8242; Daniel Zi\u0119tara, 38&#8242; Jakub J\u00f3\u017awiak<br>\u2b50\ufe0f Tomasz \u015awiderski (Byczki)<\/p>\n","protected":false},"excerpt":{"rendered":"<p>W poniedzia\u0142kowy wiecz\u00f3r wystartowa\u0142a sz\u00f3sta ods\u0142ona wiosennej edycji. Ch\u0142osta pokona\u0142a w meczu kolejki Brag\u0119, wysokie wygrane odnie\u015bli Emeritos Galaktikos i afgcomputers.pl, Byczki odnios\u0142y premierowe zwyci\u0119stwo w obecnej edycji. <\/p>\n","protected":false},"author":2,"featured_media":24872,"comment_status":"closed","ping_status":"open","sticky":false,"template":"","format":"standard","meta":{"_jetpack_memberships_contains_paid_content":false,"footnotes":"","jetpack_publicize_message":"","jetpack_publicize_feature_enabled":true,"jetpack_social_post_already_shared":true,"jetpack_social_options":{"image_generator_settings":{"template":"highway","default_image_id":0,"font":"","enabled":false},"version":2}},"categories":[186],"tags":[],"class_list":["post-24867","post","type-post","status-publish","format-standard","has-post-thumbnail","hentry","category-relacja-z-meczow"],"jetpack_publicize_connections":[],"jetpack_featured_media_url":"https:\/\/ligawl.pl\/wp-content\/uploads\/2023\/03\/news_poniedzialek.png","jetpack_sharing_enabled":true,"_links":{"self":[{"href":"https:\/\/ligawl.pl\/index.php\/wp-json\/wp\/v2\/posts\/24867","targetHints":{"allow":["GET"]}}],"collection":[{"href":"https:\/\/ligawl.pl\/index.php\/wp-json\/wp\/v2\/posts"}],"about":[{"href":"https:\/\/ligawl.pl\/index.php\/wp-json\/wp\/v2\/types\/post"}],"author":[{"embeddable":true,"href":"https:\/\/ligawl.pl\/index.php\/wp-json\/wp\/v2\/users\/2"}],"replies":[{"embeddable":true,"href":"https:\/\/ligawl.pl\/index.php\/wp-json\/wp\/v2\/comments?post=24867"}],"version-history":[{"count":5,"href":"https:\/\/ligawl.pl\/index.php\/wp-json\/wp\/v2\/posts\/24867\/revisions"}],"predecessor-version":[{"id":24873,"href":"https:\/\/ligawl.pl\/index.php\/wp-json\/wp\/v2\/posts\/24867\/revisions\/24873"}],"wp:featuredmedia":[{"embeddable":true,"href":"https:\/\/ligawl.pl\/index.php\/wp-json\/wp\/v2\/media\/24872"}],"wp:attachment":[{"href":"https:\/\/ligawl.pl\/index.php\/wp-json\/wp\/v2\/media?parent=24867"}],"wp:term":[{"taxonomy":"category","embeddable":true,"href":"https:\/\/ligawl.pl\/index.php\/wp-json\/wp\/v2\/categories?post=24867"},{"taxonomy":"post_tag","embeddable":true,"href":"https:\/\/ligawl.pl\/index.php\/wp-json\/wp\/v2\/tags?post=24867"}],"curies":[{"name":"wp","href":"https:\/\/api.w.org\/{rel}","templated":true}]}}