{"id":24229,"date":"2023-02-11T20:11:40","date_gmt":"2023-02-11T19:11:40","guid":{"rendered":"https:\/\/ligawl.pl\/?p=24229"},"modified":"2023-02-11T20:22:25","modified_gmt":"2023-02-11T19:22:25","slug":"nagrody-za-jesienna-edycje-rozdane","status":"publish","type":"post","link":"https:\/\/ligawl.pl\/index.php\/2023\/02\/11\/nagrody-za-jesienna-edycje-rozdane\/","title":{"rendered":"Nagrody za jesienn\u0105 edycj\u0119 rozdane"},"content":{"rendered":"\n<h2 class=\"wp-block-heading\">W pi\u0105tkowy wiecz\u00f3r w Restauracji Podanie pod III trybun\u0105 stadionu Lecha Pozna\u0144 odby\u0142a si\u0119 Gala WL Ligi za sezon Jesie\u0144 2022.<\/h2>\n\n\n\n<p>Najlepsze zespo\u0142y i najlepsi zawodnicy jesiennej edycji WL Ligi w pi\u0105tkowy wiecz\u00f3r udali si\u0119 na stadion przy ulicy Bu\u0142garskiej. Celem by\u0142a Restauracja Podanie, w kt\u00f3rej zaplanowana zosta\u0142a Gala sezonu Jesie\u0144 2022. <\/p>\n\n\n\n<p>By\u0142 to zdecydowanie wiecz\u00f3r Ch\u0142osty, kt\u00f3ra mia\u0142a okazj\u0119 po raz pierwszy w historii \u015bwi\u0119towa\u0107 mistrzostwo WL Ligi. Najlepsza dru\u017cyna jesiennej edycji odebra\u0142a puchar i z\u0142ote medale, ale tak\u017ce dwa indywidualne wyr\u00f3\u017cnienia dla bramkarza i zawodnika sezonu. Z najwi\u0119ksz\u0105 liczb\u0105 nagr\u00f3d Restauracj\u0119 Podanie opu\u015bcili reprezentanci El Pistoleros, kt\u00f3rzy z wysokiego C rozpocz\u0119li swoj\u0105 histori\u0119 na WL Lidze. Absolutny beniaminek jesiennej edycji zgarn\u0105\u0142 Puchar WL Ligi i srebrne kr\u0105\u017cki za trzecioligowe zmagania, a tak\u017ce a\u017c pi\u0119\u0107 statuetek dla najlepszych zawodnik\u00f3w. Dwa dru\u017cynowe laury zgarn\u0119\u0142a transkrupka.pl, kt\u00f3ra zosta\u0142a wicemistrzem 1. WL Ligi, a tak\u017ce srebrnym medalist\u0105 pucharowych rozgrywek. Tym razem \u0107wier\u0107finali\u015bci Mistrzostw Polski nie otrzymali wyr\u00f3\u017cnie\u0144 dla swoich zawodnik\u00f3w. Du\u017cy sukces \u015bwi\u0119towa\u0142y Ejbry z Lubonia. Obecny beniaminek elity odebra\u0142 z\u0142ote medale za zwyci\u0119stwo w drugiej lidze i dwie nagrody indywidualne &#8211; za najlepsze bramkarza i zawodnika zaplecza elity. <\/p>\n\n\n\n<h4 class=\"wp-block-heading\">Nagrodzeni za edycj\u0119 WL Ligi \u2013 Jesie\u0144 2022<\/h4>\n\n\n\n<h5 class=\"wp-block-heading\">1. WL LIGA<\/h5>\n\n\n\n<p>I miejsce \u2013&nbsp;<strong>Ch\u0142osta<\/strong><br>II miejsce \u2013&nbsp;<strong>transkrupka.pl<\/strong><br>III miejsce \u2013&nbsp;<strong>Synowie Gehenny<\/strong><br>Najlepszy bramkarz \u2013 <strong>Damian Fr\u0105czak<\/strong> (Ch\u0142osta)<br>Najlepszy zawodnik \u2013&nbsp;<strong>Gracjan Pachelski<\/strong> (Ch\u0142osta)<br>Najlepszy strzelec \u2013&nbsp;<strong>Mateusz Gajewski<\/strong>&nbsp;(FSC Braga)<\/p>\n\n\n\n<h5 class=\"wp-block-heading\">2. WL LIGA<\/h5>\n\n\n\n<p>I miejsce \u2013\u00a0<strong>\u00a0Ejbry Lubo\u0144<\/strong><br>II miejsce\u00a0\u2013 <strong>Kolib Lubo\u0144 FC<\/strong><br>III miejsce \u2013\u00a0<strong>Biuro Podr\u00f3\u017cy Almatur<\/strong><br>Najlepszy bramkarz \u2013\u00a0<strong>Mateusz Dopiera\u0142a <\/strong>(Ejbry Lubo\u0144)<br>Najlepszy zawodnik \u2013\u00a0<strong>Micha\u0142 Gawron<\/strong> (Ejbry Lubo\u0144)<br>Najlepszy strzelec \u2013\u00a0<strong>Patryk Schulz<\/strong> (Bistro Kopernik)<\/p>\n\n\n\n<h5 class=\"wp-block-heading\">3. WL LIGA<\/h5>\n\n\n\n<p>I miejsce \u2013&nbsp;<strong>FFC Habitat <\/strong><br>II miejsce \u2013&nbsp;<strong>El Pistoleros<\/strong><br>III miejsce \u2013&nbsp;<strong>FTF<\/strong><br>Najlepszy bramkarz \u2013&nbsp;<strong>Jakub Luboja\u0144ski&nbsp;<\/strong>(El Pistoleros)<br>Najlepszy zawodnik \u2013&nbsp;<strong>Pawe\u0142 Ksi\u0105\u017cek&nbsp;<\/strong>(FTF)<br>Najlepszy strzelec \u2013&nbsp;<strong>Micha\u0142 Domagalski&nbsp;<\/strong>(B\u0142\u0119kitni Czerwonak)<\/p>\n\n\n\n<h5 class=\"wp-block-heading\">PUCHAR WL LIGI<\/h5>\n\n\n\n<p>I miejsce \u2013<strong>&nbsp;El Pistoleros<\/strong><br>II miejsce \u2013&nbsp;<strong>transkrupka.pl<\/strong><br>III miejsce \u2013&nbsp;<strong>Luis&amp;Sp\u00f3\u0142ka<\/strong><br>Najlepszy bramkarz \u2013&nbsp;<strong>Jakub Luboja\u0144ski&nbsp;<\/strong>(El Pistoleros)<br>Najlepszy zawodnik \u2013&nbsp;<strong>Mateusz Adamczak&nbsp;<\/strong>(El Pistoleros)<br>Najlepszy strzelec \u2013&nbsp;<strong>Mateusz Adamczak, Jakub Strzelecki&nbsp;<\/strong>(El Pistoleros), <strong>Marcin Strugarek <\/strong>(techmarkety.pl)<\/p>\n\n\n\n<h5 class=\"wp-block-heading\">PUCHAR WIARY LECHA<\/h5>\n\n\n\n<p>I miejsce \u2013<strong>&nbsp;IKP Olimpia<\/strong><br>Najlepszy zawodnik \u2013&nbsp;<strong>Mateusz Pikul<\/strong>&nbsp;(IKP Olimpia)<\/p>\n\n\n\n<h5 class=\"wp-block-heading\">PUCHAR WIARY LECHA<\/h5>\n\n\n\n<p>I miejsce \u2013<strong>&nbsp;Mechaniczna Pomara\u0144cza<\/strong><\/p>\n","protected":false},"excerpt":{"rendered":"<p>W pi\u0105tkowy wiecz\u00f3r w Restauracji Podanie pod III trybun\u0105 stadionu Lecha Pozna\u0144 odby\u0142a si\u0119 Gala WL Ligi za sezon Jesie\u0144 2022.<\/p>\n","protected":false},"author":2,"featured_media":24231,"comment_status":"closed","ping_status":"open","sticky":false,"template":"","format":"standard","meta":{"_jetpack_memberships_contains_paid_content":false,"footnotes":"","jetpack_publicize_message":"","jetpack_publicize_feature_enabled":true,"jetpack_social_post_already_shared":true,"jetpack_social_options":{"image_generator_settings":{"template":"highway","default_image_id":0,"font":"","enabled":false},"version":2}},"categories":[185],"tags":[],"class_list":["post-24229","post","type-post","status-publish","format-standard","has-post-thumbnail","hentry","category-gala-wl-ligi"],"jetpack_publicize_connections":[],"jetpack_featured_media_url":"https:\/\/ligawl.pl\/wp-content\/uploads\/2023\/02\/news1-1.png","jetpack_sharing_enabled":true,"_links":{"self":[{"href":"https:\/\/ligawl.pl\/index.php\/wp-json\/wp\/v2\/posts\/24229","targetHints":{"allow":["GET"]}}],"collection":[{"href":"https:\/\/ligawl.pl\/index.php\/wp-json\/wp\/v2\/posts"}],"about":[{"href":"https:\/\/ligawl.pl\/index.php\/wp-json\/wp\/v2\/types\/post"}],"author":[{"embeddable":true,"href":"https:\/\/ligawl.pl\/index.php\/wp-json\/wp\/v2\/users\/2"}],"replies":[{"embeddable":true,"href":"https:\/\/ligawl.pl\/index.php\/wp-json\/wp\/v2\/comments?post=24229"}],"version-history":[{"count":4,"href":"https:\/\/ligawl.pl\/index.php\/wp-json\/wp\/v2\/posts\/24229\/revisions"}],"predecessor-version":[{"id":24234,"href":"https:\/\/ligawl.pl\/index.php\/wp-json\/wp\/v2\/posts\/24229\/revisions\/24234"}],"wp:featuredmedia":[{"embeddable":true,"href":"https:\/\/ligawl.pl\/index.php\/wp-json\/wp\/v2\/media\/24231"}],"wp:attachment":[{"href":"https:\/\/ligawl.pl\/index.php\/wp-json\/wp\/v2\/media?parent=24229"}],"wp:term":[{"taxonomy":"category","embeddable":true,"href":"https:\/\/ligawl.pl\/index.php\/wp-json\/wp\/v2\/categories?post=24229"},{"taxonomy":"post_tag","embeddable":true,"href":"https:\/\/ligawl.pl\/index.php\/wp-json\/wp\/v2\/tags?post=24229"}],"curies":[{"name":"wp","href":"https:\/\/api.w.org\/{rel}","templated":true}]}}