{"id":24227,"date":"2023-02-13T11:52:16","date_gmt":"2023-02-13T10:52:16","guid":{"rendered":"https:\/\/ligawl.pl\/?p=24227"},"modified":"2023-02-13T11:52:18","modified_gmt":"2023-02-13T10:52:18","slug":"wyniki-ii-plebiscytu-wl-ligi","status":"publish","type":"post","link":"https:\/\/ligawl.pl\/index.php\/2023\/02\/13\/wyniki-ii-plebiscytu-wl-ligi\/","title":{"rendered":"Wyniki II Plebiscytu WL Ligi"},"content":{"rendered":"\n<h2 class=\"wp-block-heading\">Przy okazji Gali WL Ligi za sezon Jesie\u0144 2022 rozdane zosta\u0142y wyr\u00f3\u017cnienia za ubieg\u0142y rok w Plebiscycie WL Ligi. Nagrody zosta\u0142y przyznane w siedmiu kategoriach. <\/h2>\n\n\n\n<p>Og\u0142oszenie wynik\u00f3w II Plebiscytu WL Ligi rozpocz\u0119li\u015bmy od przedstawienia zwyci\u0119zcy kategorii Fanpage Roku. Pomys\u0142 na nagrodzenie dzia\u0142a\u0144 w mediach spo\u0142eczno\u015bciowych pojawi\u0142 si\u0119 dwa dni przed Gal\u0105. W przededniu og\u0142oszone zosta\u0142y trzy nominacje, spo\u015br\u00f3d kt\u00f3rych wy\u0142oni\u0142 si\u0119 pierwszy zwyci\u0119zca &#8211; <strong>Emeritos Galaktikos<\/strong>. Nie by\u0142a to jedyna nagroda, kt\u00f3r\u0105 odebra\u0142 przedstawiciel uczestnika Pucharu Polski. Najlepszym bramkarzem roku zosta\u0142 wybrany <strong>Piotr Adamczak<\/strong>. <\/p>\n\n\n\n<p>W\u015br\u00f3d manager\u00f3w najlepszy okaza\u0142 si\u0119 sternik Ch\u0142osty &#8211; <strong>Szymon Korczyk<\/strong>, kt\u00f3ry rok rozpocz\u0105\u0142 od triumfu swojej dru\u017cyny w Pucharze WL Ligi, nast\u0119pnie pojecha\u0142 ze swoj\u0105 dru\u017cyn\u0105 na Puchar Polski do Warszawy, a na zako\u0144czenie 2022 zdoby\u0142 pierwsze mistrzostwo WL Ligi.<\/p>\n\n\n\n<p>Dru\u017cyn\u0105 roku zosta\u0142a <strong>transkrupka.pl<\/strong>. Mistrzostwa WL Ligi nie zdobyli, ale osi\u0105gn\u0119li historyczny sukces pozna\u0144skich zespo\u0142\u00f3w na Mistrzostwach Polski docieraj\u0105c do \u0107wier\u0107fina\u0142u. Bramk\u0119 na wag\u0119 awansu do 1\/4 fina\u0142u zdoby\u0142 zawodnik roku &#8211; <strong>Mateusz Gajewski<\/strong>, kt\u00f3ry w Poznaniu prowadzi\u0142 do zwyci\u0119stw FSC Brag\u0119. Najlepszy zawodnik wiosennej edycji, kr\u00f3l strzelc\u00f3w wiosny i jesieni, a tak\u017ce MVP turnieju z okazji 100-lecia Lecha Pozna\u0144, kt\u00f3ry wraz ze swoim zespo\u0142em wygra\u0142. <\/p>\n\n\n\n<p>Kapitanowie dru\u017cyn uczestnicz\u0105cych na WL Lidze wybrali s\u0119dziego roku. Nagrod\u0119 imienia Micha\u0142a Gurajdowskiego drugi raz z rz\u0119du zgarn\u0105\u0142 <strong>Tomasz Szlauderbach<\/strong>. <\/p>\n\n\n\n<p>Nagroda specjalna za wk\u0142ad w rozw\u00f3j WL Ligi pow\u0119drowa\u0142a w r\u0119ce <strong>Opal-u Stoczniowiec<\/strong>, kt\u00f3ry jesieni\u0105 ubieg\u0142ego roku \u015bwi\u0119towa\u0142 11-lecie gry na WL Lidze. G\u0142\u00f3wny faworyt do mistrzostwa zimowej edycji przez kilka lat wyst\u0119powa\u0142 tylko na otwartych boiskach. Od trzech sezon\u00f3w niebiesko-czarni graj\u0105 tak\u017ce pod balonem, gdzie mog\u0105 osi\u0105gn\u0105\u0107 najwi\u0119kszy sukces w historii. <\/p>\n\n\n\n<h5 class=\"wp-block-heading\">Wyniki II Plebiscytu WL Ligi<\/h5>\n\n\n\n<p>Fanpage Roku &#8211;<strong> Emeritos Galaktikos<\/strong><br>Bramkarz Roku \u2013&nbsp;<strong>Piotr Adamczak <\/strong>(Emeritos Galaktikos)<br>Manager Roku \u2013&nbsp;<strong>Szymon Korczyk <\/strong>(Ch\u0142osta)<br>S\u0119dzia Roku, nagroda im. Micha\u0142a Gurajdowskiego \u2013&nbsp;<strong>Tomasz Szlauderbach<\/strong><br>Nagroda specjalna, za wk\u0142ad w rozw\u00f3j WL Ligi \u2013&nbsp;<strong>Opal Stoczniowiec<\/strong><br>Dru\u017cyna Roku \u2013&nbsp;<strong>transkrupka.pl<\/strong><br>Zawodnik Roku \u2013&nbsp;<strong>Mateusz Gajewski <\/strong>(FSC Braga\/transkrupka.pl)<\/p>\n","protected":false},"excerpt":{"rendered":"<p>Przy okazji Gali WL Ligi za sezon Jesie\u0144 2022 rozdane zosta\u0142y wyr\u00f3\u017cnienia za ubieg\u0142y rok w Plebiscycie WL Ligi. Nagrody zosta\u0142y przyznane w siedmiu kategoriach. <\/p>\n","protected":false},"author":2,"featured_media":24242,"comment_status":"closed","ping_status":"open","sticky":false,"template":"","format":"standard","meta":{"_jetpack_memberships_contains_paid_content":false,"footnotes":"","jetpack_publicize_message":"","jetpack_publicize_feature_enabled":true,"jetpack_social_post_already_shared":true,"jetpack_social_options":{"image_generator_settings":{"template":"highway","default_image_id":0,"font":"","enabled":false},"version":2}},"categories":[212],"tags":[],"class_list":["post-24227","post","type-post","status-publish","format-standard","has-post-thumbnail","hentry","category-plebiscyt-wl-ligi"],"jetpack_publicize_connections":[],"jetpack_featured_media_url":"https:\/\/ligawl.pl\/wp-content\/uploads\/2023\/02\/news1-2.png","jetpack_sharing_enabled":true,"_links":{"self":[{"href":"https:\/\/ligawl.pl\/index.php\/wp-json\/wp\/v2\/posts\/24227","targetHints":{"allow":["GET"]}}],"collection":[{"href":"https:\/\/ligawl.pl\/index.php\/wp-json\/wp\/v2\/posts"}],"about":[{"href":"https:\/\/ligawl.pl\/index.php\/wp-json\/wp\/v2\/types\/post"}],"author":[{"embeddable":true,"href":"https:\/\/ligawl.pl\/index.php\/wp-json\/wp\/v2\/users\/2"}],"replies":[{"embeddable":true,"href":"https:\/\/ligawl.pl\/index.php\/wp-json\/wp\/v2\/comments?post=24227"}],"version-history":[{"count":2,"href":"https:\/\/ligawl.pl\/index.php\/wp-json\/wp\/v2\/posts\/24227\/revisions"}],"predecessor-version":[{"id":24243,"href":"https:\/\/ligawl.pl\/index.php\/wp-json\/wp\/v2\/posts\/24227\/revisions\/24243"}],"wp:featuredmedia":[{"embeddable":true,"href":"https:\/\/ligawl.pl\/index.php\/wp-json\/wp\/v2\/media\/24242"}],"wp:attachment":[{"href":"https:\/\/ligawl.pl\/index.php\/wp-json\/wp\/v2\/media?parent=24227"}],"wp:term":[{"taxonomy":"category","embeddable":true,"href":"https:\/\/ligawl.pl\/index.php\/wp-json\/wp\/v2\/categories?post=24227"},{"taxonomy":"post_tag","embeddable":true,"href":"https:\/\/ligawl.pl\/index.php\/wp-json\/wp\/v2\/tags?post=24227"}],"curies":[{"name":"wp","href":"https:\/\/api.w.org\/{rel}","templated":true}]}}