{"id":24198,"date":"2023-02-08T14:09:13","date_gmt":"2023-02-08T13:09:13","guid":{"rendered":"https:\/\/ligawl.pl\/?p=24198"},"modified":"2023-02-08T14:43:14","modified_gmt":"2023-02-08T13:43:14","slug":"nominacje-plebiscytu-2022-zawodnik-roku","status":"publish","type":"post","link":"https:\/\/ligawl.pl\/index.php\/2023\/02\/08\/nominacje-plebiscytu-2022-zawodnik-roku\/","title":{"rendered":"Nominacje Plebiscytu 2022: Zawodnik roku"},"content":{"rendered":"\n<h2 class=\"wp-block-heading\" id=\"od-bramkarzy-rozpoczynamy-przedstawienie-nominowanych-w-i-plebiscycie-wl-ligi-w-ktorym-nagrodzeni-zostana-najlepsi-za-rok-2021\">Adamczak, Gajewski i Pachelski &#8211; oto zestaw nominowanych w kategorii Zawodnik Roku 2022. Zwyci\u0119zc\u0119 poznamy w najbli\u017cszy pi\u0105tek podczas Gali WL Ligi, kt\u00f3ra odb\u0119dzie si\u0119 w Restauracji Podanie. <\/h2>\n\n\n\n<p>Bramkarz, obro\u0144ca i napastnik. Adamczak, Pachelski i Gajewski. Ten pierwszy wraz z Emeritos Galaktikos zgarn\u0105\u0142 najwi\u0119cej dru\u017cynowych wyr\u00f3\u017cnie\u0144, ten drugi zagra\u0142 czterna\u015bcie mecz\u00f3w i by\u0142 ojcem mistrzostwa WL Ligi dla Ch\u0142osty, a trzeci w barwach Bragi i transkrupki.pl bi\u0142 rekordy strzeleckie. <\/p>\n\n\n\n<p>Opr\u00f3cz nominowanych trzech zawodnik\u00f3w postanowili\u015bmy r\u00f3wnie\u017c stworzy\u0107 klasyfikacj\u0119 najlepszych graczy w ubieg\u0142ym roku. <\/p>\n\n\n\n<p><strong>Najlepsi zawodnicy 2022 roku na WL Lidze<\/strong><\/p>\n\n\n\n<p>1-3. <strong>Piotr Adamczak<\/strong> (Emeritos Galaktikos), <strong>Mateusz Gajewski<\/strong> (FSC Braga\/transkrupka.pl), <strong>Gracjan Pachelski<\/strong> (Ch\u0142osta)<br>4. Piotr Nowak (IKP Olimpia)<br>5. \u0141ukasz Lekier (Emeritos Galaktikos)<br>6. Miko\u0142aj \u0141abuszy\u0144ski (Tilted Penguins)<br>7. Mateusz Chmal (transkrupka.pl)<br>8. Mateusz Bartkowiak (Synowie Gehenny\/Siupakabra)<br>9. Jakub Luboja\u0144ski (Emeritos Galaktikos\/El Pistoleros)<br>10. Miko\u0142aj Micha\u0142owski (Alcomex Noteciaki)<\/p>\n\n\n\n<hr class=\"wp-block-separator has-css-opacity\"\/>\n\n\n\n<p><strong>Piotr Adamczak<\/strong> (Emeritos Galaktikos) \u2013 pierwsze p\u00f3\u0142rocze by\u0142o kapitalne w wykonaniu bramkarza Emeritos Galaktikos, kt\u00f3ry by\u0142 kluczow\u0105 postaci\u0105 w swoim zespole. Sukcesy dru\u017cynowe okrasza\u0142 indywidualnymi wyr\u00f3\u017cnieniami. Trzykrotnie by\u0142 wybierany najlepszym golkiperem rozgrywek, a przy okazji odebra\u0142 tak\u017ce dwa z\u0142ote medale i jedno srebro. Nagrod\u0105 za udane sze\u015b\u0107 miesi\u0119cy by\u0142 wyst\u0119p w Pucharze Polski, kt\u00f3rego Galaktycznym nie uda\u0142o si\u0119 zwojowa\u0107. Drugie p\u00f3\u0142 roku rozpocz\u0119\u0142o si\u0119 od awansu do fina\u0142u Superpucharu, w kt\u00f3rym Adamczak nie zdo\u0142a\u0142 powstrzyma\u0107 w karnych IKP Olimpii, a zako\u0144czy\u0142o udanym startem w zimowej edycji. Jesie\u0144 by\u0142a fatalna w wykonaniu Emeritos Galaktikos, kt\u00f3rzy z hukiem spadli do drugiej ligi. Jednym z g\u0142\u00f3wnych powod\u00f3w by\u0142 brak \u2026 Adamczaka, kt\u00f3ry do ko\u0144ca pa\u017adziernika leczy\u0142 kontuzj\u0119.<\/p>\n\n\n\n<h4 class=\"wp-block-heading\" id=\"podsumowanie-osiagniec-mateusza-chmala\"><strong>Podsumowanie osi\u0105gni\u0119\u0107 Piotra Adamczaka<\/strong><\/h4>\n\n\n\n<p><strong>Indywidualne<\/strong><\/p>\n\n\n\n<ul class=\"wp-block-list\">\n<li>najlepszy bramkarz 2. WL Ligi w sezonie Zima 2021\/2022<\/li>\n\n\n\n<li>najlepszy bramkarz Pucharu WL Ligi w sezonie Wiosna 2022<\/li>\n\n\n\n<li>najlepszy bramkarz turnieju z okazji 100-lecia Lecha Pozna\u0144<\/li>\n\n\n\n<li>uczestnik Pucharu Polski w pi\u0142ce no\u017cnej 6-osobowej<\/li>\n<\/ul>\n\n\n\n<p><strong>Dru\u017cynowe<\/strong><\/p>\n\n\n\n<ul class=\"wp-block-list\">\n<li>zdobywca Pucharu WL Ligi w sezonie Wiosna 2022<\/li>\n\n\n\n<li>mistrz 2. WL Ligi w sezonie Zima 2021\/2022<\/li>\n\n\n\n<li>wicemistrz 2. WL Ligi w sezonie Wiosna 2022<\/li>\n\n\n\n<li>finalista Superpucharu WL Ligi w sezonie Jesie\u0144 2022<\/li>\n\n\n\n<li>finalista turnieju z okazji 100-lecia Lecha Pozna\u0144 <\/li>\n\n\n\n<li>zwyci\u0119zca play-off o 2. WL Ligi w sezonie Wiosna 2022<\/li>\n<\/ul>\n\n\n\n<hr class=\"wp-block-separator has-css-opacity\"\/>\n\n\n\n<p><strong>Mateusz Gajewski<\/strong> (FSC Braga\/transkrupka.pl) \u2013 w 2022 roku rozegra\u0142 w rozgrywkach organizowanych przez WL Lig\u0119 i SuperLig\u01196 44 mecze. Strzeli\u0142 w nich 77 goli. Wiosn\u0105 i jesieni\u0105 zosta\u0142 kr\u00f3lem strzelc\u00f3w 1. WL Ligi (w sezonie wiosennym do\u0142o\u017cy\u0142 jeszcze tytu\u0142 najlepszego zawodnika elity), a dzi\u0119ki jego kapitalnej dyspozycji Braga dwukrotnie awansowa\u0142a do grupy mistrzowskiej, w kt\u00f3rej dwa razy zaj\u0119\u0142a czwarte miejsce. W lidze FSC by\u0142o bliskie podium, ale w turnieju z okazji 100-lecia Kolejorza okaza\u0142o si\u0119 najlepsze w 15-zespo\u0142owej stawce. Gajewski zdoby\u0142 dziesi\u0119\u0107 bramek, w tym po\u0142ow\u0119 w meczach Final Four. Zosta\u0142 wybrany najlepszym zawodnikiem turnieju. Kilka tygodni p\u00f3\u017aniej pojecha\u0142 wraz z trankrupk\u0105.pl na fina\u0142y Mistrzostw Polski do Warszawy. W stolicy potwierdzi\u0142 klas\u0119 &#8211; zdoby\u0142 najwi\u0119cej bramek dla pozna\u0144skiej dru\u017cyny. Trafi\u0142 pi\u0119\u0107 razy, a jeden z goli okaza\u0142 si\u0119 kluczowy w meczu 1\/8 fina\u0142u. Gajewski wraz Chmalem, kt\u00f3ry obroni\u0142 rzut karny w ostatnich sekundach, wprowadzi\u0142 pierwszy pozna\u0144ski zesp\u00f3\u0142 do 1\/4 fina\u0142u. <\/p>\n\n\n\n<h4 class=\"wp-block-heading\" id=\"podsumowanie-osiagniec-mateusza-chmala\"><strong>Podsumowanie osi\u0105gni\u0119\u0107 Mateusza Gajewskiego<\/strong><\/h4>\n\n\n\n<p><strong>Indywidualne<\/strong><\/p>\n\n\n\n<ul class=\"wp-block-list\">\n<li>najlepszy zawodnik 1. WL Ligi w sezonie Wiosna 2022<\/li>\n\n\n\n<li>najlepszy strzelec 1. WL Ligi w sezonie Wiosna 2022<\/li>\n\n\n\n<li>najlepszy strzelec 1. WL Ligi w sezonie Jesie\u0144 2022<\/li>\n\n\n\n<li>najlepszy zawodnik turnieju z okazji 100-lecia Lecha Pozna\u0144<\/li>\n\n\n\n<li>uczestnik Mistrzostw Polski w pi\u0142ce no\u017cnej 6-osobowej<\/li>\n<\/ul>\n\n\n\n<p><strong>Dru\u017cynowe<\/strong><\/p>\n\n\n\n<ul class=\"wp-block-list\">\n<li>zwyci\u0119zca Turnieju z okazji 100-lecia Lecha Pozna\u0144<\/li>\n\n\n\n<li>\u0107wier\u0107finalista Mistrzostw Polski<\/li>\n<\/ul>\n\n\n\n<hr class=\"wp-block-separator has-css-opacity\"\/>\n\n\n\n<p><strong>Gracjan Pachelski<\/strong> (Ch\u0142osta) \u2013 jego przyj\u015bcie odmieni\u0142o Ch\u0142ost\u0119, kt\u00f3ra z ligowego \u015bredniaka przerodzi\u0142a si\u0119 w g\u0142\u00f3wnego faworyta do tytu\u0142u mistrzowskiego. Wiosn\u0105 wyst\u0105pi\u0142 w jednym meczu, jesieni\u0105 nie opu\u015bci\u0142 ju\u017c \u017cadnego. By\u0142 praktycznie graj\u0105cym trenerem Ch\u0142osty. Z pozycji ostatniego obro\u0144cy prowadzi\u0142 gr\u0119 ca\u0142ej dru\u017cyny, ale nie skupia\u0142 si\u0119 jedynie na bronieniu dost\u0119pu do w\u0142asnej bramki. Strzela\u0142 te\u017c gole, a zdoby\u0142 ich a\u017c trzyna\u015bcie co jest bardzo dobrym wynikiem jak na defensora. W klasyfikacji strzelc\u00f3w zaj\u0105\u0142 &#8211; uwaga! &#8211; sz\u00f3ste miejsce ze strat\u0105 dziewi\u0119ciu bramek do Gajewskiego. By\u0142 najlepszym zawodnikiem dw\u00f3ch najwa\u017cniejszych mecz\u00f3w w sezonie, w kt\u00f3rych Ch\u0142osta rywalizowa\u0142a z transkrupk\u0105.pl. W obu pojedynkach trafi\u0142 po dwa razy. Jest ojcem pierwszego mistrzostwa WL Ligi dla Ch\u0142osty. Bez Pachelskiego ten sukces by\u0142by niemo\u017cliwy. <\/p>\n\n\n\n<h4 class=\"wp-block-heading\" id=\"podsumowanie-osiagniec-mateusza-chmala\"><strong>Podsumowanie osi\u0105gni\u0119\u0107 Gracjana Pachelskiego<\/strong><\/h4>\n\n\n\n<p><strong>Indywidualne<\/strong><\/p>\n\n\n\n<ul class=\"wp-block-list\">\n<li>najlepszy zawodnik 1. WL Ligi w sezonie Jesie\u0144 2022<\/li>\n<\/ul>\n\n\n\n<p><strong>Dru\u017cynowe<\/strong><\/p>\n\n\n\n<ul class=\"wp-block-list\">\n<li>mistrz WL Ligi w sezonie Jesie\u0144 2022<\/li>\n<\/ul>\n","protected":false},"excerpt":{"rendered":"<p>Adamczak, Gajewski i Pachelski &#8211; oto zestaw nominowanych w kategorii Zawodnik Roku 2022. Zwyci\u0119zc\u0119 poznamy w najbli\u017cszy pi\u0105tek podczas Gali WL Ligi, kt\u00f3ra odb\u0119dzie si\u0119 w Restauracji Podanie. <\/p>\n","protected":false},"author":2,"featured_media":24200,"comment_status":"closed","ping_status":"open","sticky":false,"template":"","format":"standard","meta":{"_jetpack_memberships_contains_paid_content":false,"footnotes":"","jetpack_publicize_message":"","jetpack_publicize_feature_enabled":true,"jetpack_social_post_already_shared":true,"jetpack_social_options":{"image_generator_settings":{"template":"highway","default_image_id":0,"font":"","enabled":false},"version":2}},"categories":[212],"tags":[],"class_list":["post-24198","post","type-post","status-publish","format-standard","has-post-thumbnail","hentry","category-plebiscyt-wl-ligi"],"jetpack_publicize_connections":[],"jetpack_featured_media_url":"https:\/\/ligawl.pl\/wp-content\/uploads\/2023\/02\/DSC_1109-scaled.jpg","jetpack_sharing_enabled":true,"_links":{"self":[{"href":"https:\/\/ligawl.pl\/index.php\/wp-json\/wp\/v2\/posts\/24198","targetHints":{"allow":["GET"]}}],"collection":[{"href":"https:\/\/ligawl.pl\/index.php\/wp-json\/wp\/v2\/posts"}],"about":[{"href":"https:\/\/ligawl.pl\/index.php\/wp-json\/wp\/v2\/types\/post"}],"author":[{"embeddable":true,"href":"https:\/\/ligawl.pl\/index.php\/wp-json\/wp\/v2\/users\/2"}],"replies":[{"embeddable":true,"href":"https:\/\/ligawl.pl\/index.php\/wp-json\/wp\/v2\/comments?post=24198"}],"version-history":[{"count":3,"href":"https:\/\/ligawl.pl\/index.php\/wp-json\/wp\/v2\/posts\/24198\/revisions"}],"predecessor-version":[{"id":24218,"href":"https:\/\/ligawl.pl\/index.php\/wp-json\/wp\/v2\/posts\/24198\/revisions\/24218"}],"wp:featuredmedia":[{"embeddable":true,"href":"https:\/\/ligawl.pl\/index.php\/wp-json\/wp\/v2\/media\/24200"}],"wp:attachment":[{"href":"https:\/\/ligawl.pl\/index.php\/wp-json\/wp\/v2\/media?parent=24198"}],"wp:term":[{"taxonomy":"category","embeddable":true,"href":"https:\/\/ligawl.pl\/index.php\/wp-json\/wp\/v2\/categories?post=24198"},{"taxonomy":"post_tag","embeddable":true,"href":"https:\/\/ligawl.pl\/index.php\/wp-json\/wp\/v2\/tags?post=24198"}],"curies":[{"name":"wp","href":"https:\/\/api.w.org\/{rel}","templated":true}]}}