{"id":24161,"date":"2023-02-07T11:00:58","date_gmt":"2023-02-07T10:00:58","guid":{"rendered":"https:\/\/ligawl.pl\/?p=24161"},"modified":"2023-02-07T11:03:49","modified_gmt":"2023-02-07T10:03:49","slug":"ruszyla-rywalizacja-o-puchar-wiary-lecha","status":"publish","type":"post","link":"https:\/\/ligawl.pl\/index.php\/2023\/02\/07\/ruszyla-rywalizacja-o-puchar-wiary-lecha\/","title":{"rendered":"Ruszy\u0142a rywalizacja o Puchar Wiary Lecha"},"content":{"rendered":"\n<h2 class=\"wp-block-heading\">Podczas zimowej edycji nie zabraknie rozgrywek o Puchar Wiary Lecha. O trofeum zagraj\u0105 najlepsze zespo\u0142y grupy spadkowej 1. WL Ligi i grupy pocieszenia 2. WL Ligi. <\/h2>\n\n\n\n<p>Do rozgrywek o Puchar Wiary Lecha awans wywalcz\u0105 cztery zespo\u0142y, kt\u00f3re stworz\u0105 dwie pary p\u00f3\u0142fina\u0142owe. Pierwsz\u0105 utworzy dw\u00f3ch pierwszoligowc\u00f3w, drug\u0105 dw\u00f3ch drugoligowc\u00f3w, a zatem w finale spotkaj\u0105 si\u0119 dwa zespo\u0142y z dw\u00f3ch r\u00f3\u017cnych poziom\u00f3w rozgrywkowych. Meczu o trzecie miejsce nie b\u0119dzie. Wszystkie trzy spotkania potrwaj\u0105 1&#215;15 minut, a w przypadku remisu s\u0119dzia zarz\u0105dzi trzy serie rzut\u00f3w karnych. <\/p>\n\n\n\n<p>Na Gali WL Ligi za sezon zimowy uhonorowany zostanie zwyci\u0119ski zesp\u00f3\u0142, kt\u00f3ry otrzyma pami\u0105tkowy puchar i zestaw z\u0142otych medali, a tak\u017ce przepustk\u0119 na rozgrywki Superpucharu WL Ligi, kt\u00f3re odb\u0119d\u0105 si\u0119 przed kolejnym sezonem pod balonem. <\/p>\n\n\n\n<p><strong>Kto zagra w Pucharze Wiary Lecha? <\/strong><\/p>\n\n\n\n<p>W p\u00f3\u0142finale rozgrywek znajd\u0105 si\u0119 po dwie najlepsze dru\u017cyny grupy spadkowej pierwszej ligi i grupy pocieszenia drugiego szczebla. B\u0119d\u0105 to zespo\u0142y, kt\u00f3re wygraj\u0105 ca\u0142osezonow\u0105 klasyfikacj\u0119 (13 mecz\u00f3w) i rywalizacj\u0119 po podziale na grupy (4 mecze). W przypadku wygrania obu klasyfikacji przez jedn\u0105 dru\u017cyn\u0119 do p\u00f3\u0142fina\u0142u trafi zesp\u00f3\u0142, kt\u00f3ry zajmie 2. miejsce w klasyfikacji ca\u0142osezonowej w grupie spadkowej lub pocieszenia. Obecnie sytuacja w tabelach wygl\u0105da nast\u0119puj\u0105co:<\/p>\n\n\n\n<h2 class=\"has-medium-font-size wp-block-heading\">Grupa spadkowa 1. WL Ligi<\/h2>\n\n\n\n<h4 class=\"has-medium-font-size wp-block-heading\">Klasyfikacja ca\u0142osezonowa<\/h4>\n\n\n\n<ol class=\"wp-block-list\">\n<li>Luis&amp;Sp\u00f3\u0142ka 10 mecz\u00f3w <strong>13<\/strong> punkt\u00f3w<\/li>\n\n\n\n<li>Gietewu 9 <strong>12<\/strong><\/li>\n\n\n\n<li>FTF 11 <strong>9<\/strong><\/li>\n\n\n\n<li>Evertec 8 <strong>6<\/strong><\/li>\n\n\n\n<li>LED Lighting Team 11 <strong>3<\/strong><\/li>\n<\/ol>\n\n\n\n<h4 class=\"has-medium-font-size wp-block-heading\">Klasyfikacja drugiej rundy <\/h4>\n\n\n\n<ol class=\"wp-block-list\">\n<li>Luis&amp;Sp\u00f3\u0142ka 2 mecze <strong>6<\/strong> punkt\u00f3w<\/li>\n\n\n\n<li>LED Lighting Team 2 <strong>2<\/strong><\/li>\n\n\n\n<li>Evertec 0 <strong>0<\/strong> <\/li>\n\n\n\n<li>Gietewu 0 <strong>0<\/strong><\/li>\n\n\n\n<li> FTF 2 <strong>0<\/strong><\/li>\n<\/ol>\n\n\n\n<h2 class=\"has-medium-font-size wp-block-heading\">Grupa pocieszenia 2. WL Ligi<\/h2>\n\n\n\n<h4 class=\"has-medium-font-size wp-block-heading\">Klasyfikacja ca\u0142osezonowa<\/h4>\n\n\n\n<ol class=\"wp-block-list\">\n<li>Kropl\u00f3wka.pl 10 mecz\u00f3w<strong> 14 <\/strong>punkt\u00f3w<\/li>\n\n\n\n<li>El Pistoleros 10 <strong>13<\/strong><\/li>\n\n\n\n<li>Imperium \u0141azarskie 8 <strong>10<\/strong><\/li>\n\n\n\n<li>NDW 11 <strong>3<\/strong><\/li>\n\n\n\n<li>Snow Kids 11 <strong>1<\/strong><\/li>\n<\/ol>\n\n\n\n<h4 class=\"has-medium-font-size wp-block-heading\">Klasyfikacja drugiej rundy <\/h4>\n\n\n\n<ol class=\"wp-block-list\">\n<li>El Pistoleros 1 <strong>3<\/strong> <\/li>\n\n\n\n<li>Kropl\u00f3wka.pl 1 <strong>3<\/strong><\/li>\n\n\n\n<li>NDW 2 <strong>3<\/strong><\/li>\n\n\n\n<li>Imperium \u0141azarskie 0 <strong>0 <\/strong><\/li>\n\n\n\n<li>Snow Kids 2 <strong>0<\/strong><\/li>\n<\/ol>\n\n\n\n<p>Po ka\u017cdej kolejnej kolejce na stronie b\u0119dzie pojawia\u0142 si\u0119 raport z rozgrywki o awans do Pucharu Wiary Lecha. <\/p>\n","protected":false},"excerpt":{"rendered":"<p>Podczas zimowej edycji nie zabraknie rozgrywek o Puchar Wiary Lecha. O trofeum zagraj\u0105 najlepsze zespo\u0142y grupy spadkowej 1. WL Ligi i grupy pocieszenia 2. WL Ligi. <\/p>\n","protected":false},"author":2,"featured_media":24169,"comment_status":"closed","ping_status":"open","sticky":false,"template":"","format":"standard","meta":{"_jetpack_memberships_contains_paid_content":false,"footnotes":"","jetpack_publicize_message":"","jetpack_publicize_feature_enabled":true,"jetpack_social_post_already_shared":true,"jetpack_social_options":{"image_generator_settings":{"template":"highway","default_image_id":0,"font":"","enabled":false},"version":2}},"categories":[23],"tags":[],"class_list":["post-24161","post","type-post","status-publish","format-standard","has-post-thumbnail","hentry","category-pwl2"],"jetpack_publicize_connections":[],"jetpack_featured_media_url":"https:\/\/ligawl.pl\/wp-content\/uploads\/2023\/02\/PSX_20230207_110003.jpg","jetpack_sharing_enabled":true,"_links":{"self":[{"href":"https:\/\/ligawl.pl\/index.php\/wp-json\/wp\/v2\/posts\/24161","targetHints":{"allow":["GET"]}}],"collection":[{"href":"https:\/\/ligawl.pl\/index.php\/wp-json\/wp\/v2\/posts"}],"about":[{"href":"https:\/\/ligawl.pl\/index.php\/wp-json\/wp\/v2\/types\/post"}],"author":[{"embeddable":true,"href":"https:\/\/ligawl.pl\/index.php\/wp-json\/wp\/v2\/users\/2"}],"replies":[{"embeddable":true,"href":"https:\/\/ligawl.pl\/index.php\/wp-json\/wp\/v2\/comments?post=24161"}],"version-history":[{"count":6,"href":"https:\/\/ligawl.pl\/index.php\/wp-json\/wp\/v2\/posts\/24161\/revisions"}],"predecessor-version":[{"id":24175,"href":"https:\/\/ligawl.pl\/index.php\/wp-json\/wp\/v2\/posts\/24161\/revisions\/24175"}],"wp:featuredmedia":[{"embeddable":true,"href":"https:\/\/ligawl.pl\/index.php\/wp-json\/wp\/v2\/media\/24169"}],"wp:attachment":[{"href":"https:\/\/ligawl.pl\/index.php\/wp-json\/wp\/v2\/media?parent=24161"}],"wp:term":[{"taxonomy":"category","embeddable":true,"href":"https:\/\/ligawl.pl\/index.php\/wp-json\/wp\/v2\/categories?post=24161"},{"taxonomy":"post_tag","embeddable":true,"href":"https:\/\/ligawl.pl\/index.php\/wp-json\/wp\/v2\/tags?post=24161"}],"curies":[{"name":"wp","href":"https:\/\/api.w.org\/{rel}","templated":true}]}}