{"id":24114,"date":"2023-02-01T10:48:40","date_gmt":"2023-02-01T09:48:40","guid":{"rendered":"https:\/\/ligawl.pl\/?p=24114"},"modified":"2023-03-01T15:34:34","modified_gmt":"2023-03-01T14:34:34","slug":"zmiany-w-kadrach-do-5-lutego","status":"publish","type":"post","link":"https:\/\/ligawl.pl\/index.php\/2023\/02\/01\/zmiany-w-kadrach-do-5-lutego\/","title":{"rendered":"Zmiany w kadrach do 5 lutego"},"content":{"rendered":"\n<h2 class=\"wp-block-heading\">Do 5 lutego do godziny 23:59 b\u0119dzie mo\u017cna dokonywa\u0107 zmian w kadrach dru\u017cyn na sezon Zima 2022\/2023.<\/h2>\n\n\n\n<p>Zimowa edycja wkracza w decyduj\u0105c\u0105 faz\u0119. Cz\u0119\u015b\u0107 dru\u017cyn zako\u0144czy\u0142a ju\u017c zmagania w pierwszej rundzie, a cz\u0119\u015b\u0107 rozegra ostatni mecz przed startem drugiej rundy podczas najbli\u017cszych dw\u00f3ch weekend\u00f3w. W ubieg\u0142\u0105 niedziel\u0119 odby\u0142 si\u0119 te\u017c pierwszy pojedynek fazy fina\u0142owej. Kolejne zaplanowane s\u0105 na \u00f3sm\u0105 seri\u0119 spotka\u0144. <\/p>\n\n\n\n<p>W lutym najprawdopodobniej zako\u0144czy si\u0119 sezon zimowy. Ostatnia kolejka wraz z Final Four Pucharu WL Ligi zaplanowana jest na sobot\u0119, 25 lutego. <\/p>\n\n\n\n<p>Najp\u00f3\u017aniej do&nbsp;<strong>5 lutego do godziny 23:59<\/strong>&nbsp;nale\u017cy wys\u0142a\u0107 drog\u0105 mailow\u0105 [<strong>liga@wiaralecha.pl<\/strong>] do Organizatora rozgrywek informacj\u0119, w kt\u00f3rych zawarte b\u0119d\u0105 dane nowych zawodnik\u00f3w. Po tym terminie b\u0119dzie mo\u017cna dopisa\u0107 jedynie zawodnika na pozycj\u0119 <strong>bramkarza<\/strong>.<\/p>\n","protected":false},"excerpt":{"rendered":"<p>Do 5 lutego do godziny 23:59 b\u0119dzie mo\u017cna dokonywa\u0107 zmian w kadrach dru\u017cyn na sezon Zima 2022\/2023.<\/p>\n","protected":false},"author":2,"featured_media":24115,"comment_status":"closed","ping_status":"open","sticky":false,"template":"","format":"standard","meta":{"_jetpack_memberships_contains_paid_content":false,"footnotes":"","jetpack_publicize_message":"","jetpack_publicize_feature_enabled":true,"jetpack_social_post_already_shared":true,"jetpack_social_options":{"image_generator_settings":{"template":"highway","default_image_id":0,"font":"","enabled":false},"version":2}},"categories":[172],"tags":[],"class_list":["post-24114","post","type-post","status-publish","format-standard","has-post-thumbnail","hentry","category-regulamin"],"jetpack_publicize_connections":[],"jetpack_featured_media_url":"https:\/\/ligawl.pl\/wp-content\/uploads\/2023\/02\/Newsy.png","jetpack_sharing_enabled":true,"_links":{"self":[{"href":"https:\/\/ligawl.pl\/index.php\/wp-json\/wp\/v2\/posts\/24114","targetHints":{"allow":["GET"]}}],"collection":[{"href":"https:\/\/ligawl.pl\/index.php\/wp-json\/wp\/v2\/posts"}],"about":[{"href":"https:\/\/ligawl.pl\/index.php\/wp-json\/wp\/v2\/types\/post"}],"author":[{"embeddable":true,"href":"https:\/\/ligawl.pl\/index.php\/wp-json\/wp\/v2\/users\/2"}],"replies":[{"embeddable":true,"href":"https:\/\/ligawl.pl\/index.php\/wp-json\/wp\/v2\/comments?post=24114"}],"version-history":[{"count":2,"href":"https:\/\/ligawl.pl\/index.php\/wp-json\/wp\/v2\/posts\/24114\/revisions"}],"predecessor-version":[{"id":24547,"href":"https:\/\/ligawl.pl\/index.php\/wp-json\/wp\/v2\/posts\/24114\/revisions\/24547"}],"wp:featuredmedia":[{"embeddable":true,"href":"https:\/\/ligawl.pl\/index.php\/wp-json\/wp\/v2\/media\/24115"}],"wp:attachment":[{"href":"https:\/\/ligawl.pl\/index.php\/wp-json\/wp\/v2\/media?parent=24114"}],"wp:term":[{"taxonomy":"category","embeddable":true,"href":"https:\/\/ligawl.pl\/index.php\/wp-json\/wp\/v2\/categories?post=24114"},{"taxonomy":"post_tag","embeddable":true,"href":"https:\/\/ligawl.pl\/index.php\/wp-json\/wp\/v2\/tags?post=24114"}],"curies":[{"name":"wp","href":"https:\/\/api.w.org\/{rel}","templated":true}]}}