{"id":24049,"date":"2023-01-25T12:31:55","date_gmt":"2023-01-25T11:31:55","guid":{"rendered":"https:\/\/ligawl.pl\/?p=24049"},"modified":"2023-01-25T12:33:17","modified_gmt":"2023-01-25T11:33:17","slug":"nominacje-plebiscytu-2022-manager-roku","status":"publish","type":"post","link":"https:\/\/ligawl.pl\/index.php\/2023\/01\/25\/nominacje-plebiscytu-2022-manager-roku\/","title":{"rendered":"Nominacje Plebiscytu 2022: Manager roku"},"content":{"rendered":"\n<h2 class=\"wp-block-heading\" id=\"od-bramkarzy-rozpoczynamy-przedstawienie-nominowanych-w-i-plebiscycie-wl-ligi-w-ktorym-nagrodzeni-zostana-najlepsi-za-rok-2021\">Czas na nominacje w kategorii Manager Roku 2022. W tr\u00f3jce najlepszych drugi raz z rz\u0119du znale\u017ali si\u0119 Micha\u0142 Golak (zesz\u0142oroczny triumfator) i Marcin Mytnik. Do grona nominowanych do\u0142\u0105czy\u0142 te\u017c Szymon Korczyk. <\/h2>\n\n\n\n<p>Bycie osob\u0105 odpowiedzialn\u0105 za dru\u017cyn\u0119 nie nale\u017cy do \u0142atwych zada\u0144. Nie jest to jedynie kontakt z organizatorem, kt\u00f3ry ogranicza si\u0119 do przes\u0142ania co tydzie\u0144 dost\u0119pno\u015bci na skrzynk\u0119 mailow\u0105, ale szereg innych zada\u0144, w tym kilka czasoch\u0142onnych. Tworz\u0105c ranking najlepszych brali\u015bmy wiele czynnik\u00f3w pod uwag\u0119 &#8211; rozw\u00f3j zespo\u0142u, zaanga\u017cowanie, kontakt z organizatorem, jako\u015b\u0107, jak i liczebno\u015b\u0107 sk\u0142adu podczas dnia meczowego, a tak\u017ce osi\u0105gane wyniki przez dru\u017cyn\u0119.<\/p>\n\n\n\n<p><strong>Najlepsi managerowie 2022 roku na WL Lidze<\/strong><\/p>\n\n\n\n<p>1-3. <strong>Micha\u0142 Golak<\/strong> (transkrupka.pl, 1. miejsce w 2021 roku), <strong>Szymon Korczyk<\/strong> (Ch\u0142osta), <strong>Marcin Mytnik <\/strong>(Opal Stoczniowiec, 2)<br>4. <strong>Maciej Niedroszla\u0144ski<\/strong> (Gietewu)<br>5. <strong><strong>Sebastian Iwi\u0144ski<\/strong> <\/strong>(Emeritos Galaktikos)<br>6. <strong>Adam Wojciechowski<\/strong> (Tilted Penguins)<br>7. <strong>Dariusz Mieczkowski <\/strong>(Szturmowcy)<br>8. <strong>Maciej W\u0119gelewski <\/strong>(Hurtownia.Fajerwerkowo.pl, 3)<br>9. <strong>Bartosz J\u00f3\u017awiak <\/strong>(Diadal)<br>10. <strong>Dominik Romanowski <\/strong>(Alcomex Noteciaki)<\/p>\n\n\n\n<hr class=\"wp-block-separator has-css-opacity\"\/>\n\n\n\n<p><strong>Micha\u0142 Golak<\/strong> (transkrupka.pl) \u2013 zwyci\u0119zca plebiscytu 2021 roku stanie przed szans\u0105 na obron\u0119 tytu\u0142u najlepszego managera. Prowadzona przez niego dru\u017cyna dzi\u0119ki zwyci\u0119stwu w Turnieju Mistrz\u00f3w wywalczy\u0142a bilety do Warszawy. Golak po raz drugi zorganizowa\u0142 wyjazd do stolicy kraju i po raz drugi zorganizowa\u0142 siln\u0105 kadr\u0119, kt\u00f3ra tym razem stan\u0119\u0142a na wysoko\u015bci zadania. Transkrupka.pl trafi\u0142a do \u00f3semki najlepszych zespo\u0142\u00f3w w Polsce. Niestety na pozna\u0144skim podw\u00f3rku nie by\u0142o ju\u017c tak kolorowo. Zesp\u00f3\u0142 Golaka, poza Turniejem Mistrz\u00f3w, nie potrafi\u0142 wywalczy\u0107 \u017cadnego innego trofeum. Przegra\u0142 rywalizacj\u0119 o mistrzostwo z Ch\u0142ost\u0105, a w finale Pucharu WL Ligi zosta\u0142 ograny przez trzecioligowych El Pistoleros. <\/p>\n\n\n\n<h4 class=\"wp-block-heading\" id=\"podsumowanie-osiagniec-mateusza-chmala\"><strong>Podsumowanie osi\u0105gni\u0119\u0107 Micha\u0142a Golaka<\/strong><\/h4>\n\n\n\n<p><strong>Indywidualne<\/strong><\/p>\n\n\n\n<ul class=\"wp-block-list\">\n<li>zarz\u0105dzanie dru\u017cyn\u0105 na poziomie 1. WL Ligi w sezonach Wiosna 2022 i Jesie\u0144 2022<\/li>\n\n\n\n<li>zorganizowanie wyjazdu dru\u017cyny na Mistrzostwa Polski w pi\u0142ce no\u017cnej 6-osobowej do Warszawy<\/li>\n<\/ul>\n\n\n\n<p><strong>Dru\u017cynowe<\/strong><\/p>\n\n\n\n<ul class=\"wp-block-list\">\n<li>triumf w Turnieju Mistrz\u00f3w 2021\/2022 i awans na fina\u0142y Mistrzostw Polski w pi\u0142ce no\u017cnej 6-osobowej<\/li>\n\n\n\n<li>wicemistrzostwo WL Ligi w sezonie Jesie\u0144 2022<\/li>\n\n\n\n<li>awans do fina\u0142u Pucharu WL Ligi w sezonie Jesie\u0144 2022<\/li>\n\n\n\n<li>III miejsce w Pucharze WL Ligi w sezonie Wiosna 2022<\/li>\n\n\n\n<li>\u0107wier\u0107fina\u0142 Mistrzostw Polski w pi\u0142ce no\u017cnej 6-osobowej<\/li>\n<\/ul>\n\n\n\n<hr class=\"wp-block-separator has-css-opacity\"\/>\n\n\n\n<p><strong>Szymon Korczyk<\/strong> (Ch\u0142osta) \u2013 to by\u0142 prze\u0142omowy rok dla Ch\u0142osty. Pierwsze p\u00f3\u0142rocze zosta\u0142o okraszone zdobyciem Pucharu WL Ligi oraz awansem do Pucharu Polski, kt\u00f3ry pom\u00f3g\u0142 w rozwoju dru\u017cyny. Korczyk w lipcu zorganizowa\u0142 wyjazd dru\u017cyny do Warszawy. Ch\u0142osta nie wysz\u0142a z grupy, ale wr\u00f3ci\u0142a do Poznania z wysoko uniesionymi g\u0142owami. Niestety dru\u017cyn\u0119 dopad\u0142y dwie powa\u017cne kontuzje &#8211; kapitana Korczyka i najlepszego strzelca Franciszka Siwka. By\u0142 to punkt zwrotny 2022 roku. Dobry wyst\u0119p w Warszawie da\u0142 pozytywnego kopa ca\u0142ej ekipie, a Korczyk po urazach zacz\u0105\u0142 uzupe\u0142nia\u0107 sk\u0142ad na jesienn\u0105 edycj\u0119. Pozyska\u0142 kilku nowych graczy, kt\u00f3rzy podwy\u017cszyli jako\u015b\u0107 ca\u0142ej dru\u017cyny. Ch\u0142osta zdoby\u0142a niespodziewane, ale w pe\u0142ni zas\u0142u\u017cone mistrzostwo WL Ligi. <\/p>\n\n\n\n<h4 class=\"wp-block-heading\" id=\"podsumowanie-osiagniec-mateusza-chmala\"><strong>Podsumowanie osi\u0105gni\u0119\u0107 Szymona Korczyka<\/strong><\/h4>\n\n\n\n<p><strong>Indywidualne<\/strong><\/p>\n\n\n\n<ul class=\"wp-block-list\">\n<li>zarz\u0105dzanie dru\u017cyn\u0105 na poziomie 1. WL Ligi w sezonach Zima 2021\/2022, Wiosna 2022 i Jesie\u0144 2022<\/li>\n\n\n\n<li>zorganizowanie wyjazdu dru\u017cyny na Puchar Polski w pi\u0142ce no\u017cnej 6-osobowej do Warszawy<\/li>\n<\/ul>\n\n\n\n<p><strong>Dru\u017cynowe<\/strong><\/p>\n\n\n\n<ul class=\"wp-block-list\">\n<li>mistrzostwo WL Ligi w sezonie Jesie\u0144 2022<\/li>\n\n\n\n<li>awans do Pucharu Polski w pi\u0142ce no\u017cnej 6-osobowej<\/li>\n\n\n\n<li>triumf w Pucharze WL Ligi w sezonie Zima 2021\/2022<\/li>\n<\/ul>\n\n\n\n<hr class=\"wp-block-separator has-css-opacity\"\/>\n\n\n\n<p><strong>Marcin Mytnik<\/strong> (Opal Stoczniowiec) \u2013 przed rokiem otrzyma\u0142 nominacj\u0119, ale na ostatniej prostej przegra\u0142 z Micha\u0142em Golakiem. Obaj ponownie spotykaj\u0105 si\u0119 w rywalizacji o tytu\u0142 najlepszego managera. Mytnik w por\u00f3wnaniu do pozosta\u0142ych nominowanych dzia\u0142a\u0142 ca\u0142y rok. Nie odpu\u015bci\u0142 ani jednej imprezy w Poznaniu organizowanej przez WL Lig\u0119. Opal Stoczniowiec zagra\u0142 w obu zimowych edycjach i w obu sezonach rozgrywanych na otwartych boiskach. Uczestniczy\u0142 te\u017c w turnieju z okazji 100-lecia Lecha Pozna\u0144, w kt\u00f3rym doszed\u0142 do najlepszej \u00f3semki. Zesp\u00f3\u0142 Mytnika jesieni\u0105 \u015bwi\u0119towa\u0142 jedenastolecie gry na WL Lidze. <\/p>\n\n\n\n<h4 class=\"wp-block-heading\" id=\"podsumowanie-osiagniec-mateusza-chmala\"><strong>Podsumowanie osi\u0105gni\u0119\u0107 Marcina Mytnik<\/strong>a<\/h4>\n\n\n\n<p><strong>Indywidualne<\/strong><\/p>\n\n\n\n<ul class=\"wp-block-list\">\n<li>zarz\u0105dzanie dru\u017cyn\u0105 na poziomie 1. WL Ligi w sezonach Zima 2021\/2022 i Zima 2022\/2023<\/li>\n\n\n\n<li>zarz\u0105dzanie dru\u017cyn\u0105 na poziomie 2. WL Ligi w sezonach Wiosna 2022 i Jesie\u0144 2022<\/li>\n\n\n\n<li>organizacja dru\u017cyny na turniej z okazji 100-lecia Lecha Pozna\u0144<\/li>\n<\/ul>\n\n\n\n<p><strong>Dru\u017cynowe<\/strong><\/p>\n\n\n\n<ul class=\"wp-block-list\">\n<li>awans do 2. rundy turnieju z okazji 100-lecia Lecha Pozna\u0144<\/li>\n<\/ul>\n","protected":false},"excerpt":{"rendered":"<p>Czas na nominacje w kategorii Manager Roku 2022. W tr\u00f3jce najlepszych drugi raz z rz\u0119du znale\u017ali si\u0119 Micha\u0142 Golak (zesz\u0142oroczny triumfator) i Marcin Mytnik. Do grona nominowanych do\u0142\u0105czy\u0142 te\u017c Szymon Korczyk. <\/p>\n","protected":false},"author":2,"featured_media":24051,"comment_status":"closed","ping_status":"open","sticky":false,"template":"","format":"standard","meta":{"_jetpack_memberships_contains_paid_content":false,"footnotes":"","jetpack_publicize_message":"","jetpack_publicize_feature_enabled":true,"jetpack_social_post_already_shared":true,"jetpack_social_options":{"image_generator_settings":{"template":"highway","default_image_id":0,"font":"","enabled":false},"version":2}},"categories":[212],"tags":[],"class_list":["post-24049","post","type-post","status-publish","format-standard","has-post-thumbnail","hentry","category-plebiscyt-wl-ligi"],"jetpack_publicize_connections":[],"jetpack_featured_media_url":"https:\/\/ligawl.pl\/wp-content\/uploads\/2023\/01\/news2-4.png","jetpack_sharing_enabled":true,"_links":{"self":[{"href":"https:\/\/ligawl.pl\/index.php\/wp-json\/wp\/v2\/posts\/24049","targetHints":{"allow":["GET"]}}],"collection":[{"href":"https:\/\/ligawl.pl\/index.php\/wp-json\/wp\/v2\/posts"}],"about":[{"href":"https:\/\/ligawl.pl\/index.php\/wp-json\/wp\/v2\/types\/post"}],"author":[{"embeddable":true,"href":"https:\/\/ligawl.pl\/index.php\/wp-json\/wp\/v2\/users\/2"}],"replies":[{"embeddable":true,"href":"https:\/\/ligawl.pl\/index.php\/wp-json\/wp\/v2\/comments?post=24049"}],"version-history":[{"count":2,"href":"https:\/\/ligawl.pl\/index.php\/wp-json\/wp\/v2\/posts\/24049\/revisions"}],"predecessor-version":[{"id":24053,"href":"https:\/\/ligawl.pl\/index.php\/wp-json\/wp\/v2\/posts\/24049\/revisions\/24053"}],"wp:featuredmedia":[{"embeddable":true,"href":"https:\/\/ligawl.pl\/index.php\/wp-json\/wp\/v2\/media\/24051"}],"wp:attachment":[{"href":"https:\/\/ligawl.pl\/index.php\/wp-json\/wp\/v2\/media?parent=24049"}],"wp:term":[{"taxonomy":"category","embeddable":true,"href":"https:\/\/ligawl.pl\/index.php\/wp-json\/wp\/v2\/categories?post=24049"},{"taxonomy":"post_tag","embeddable":true,"href":"https:\/\/ligawl.pl\/index.php\/wp-json\/wp\/v2\/tags?post=24049"}],"curies":[{"name":"wp","href":"https:\/\/api.w.org\/{rel}","templated":true}]}}