{"id":23965,"date":"2023-01-19T17:28:00","date_gmt":"2023-01-19T16:28:00","guid":{"rendered":"https:\/\/ligawl.pl\/?p=23965"},"modified":"2023-01-19T17:57:06","modified_gmt":"2023-01-19T16:57:06","slug":"nominacje-plebiscytu-2022-bramkarz-roku","status":"publish","type":"post","link":"https:\/\/ligawl.pl\/index.php\/2023\/01\/19\/nominacje-plebiscytu-2022-bramkarz-roku\/","title":{"rendered":"Nominacje Plebiscytu 2022: Bramkarz roku"},"content":{"rendered":"\n<h2 class=\"wp-block-heading\" id=\"od-bramkarzy-rozpoczynamy-przedstawienie-nominowanych-w-i-plebiscycie-wl-ligi-w-ktorym-nagrodzeni-zostana-najlepsi-za-rok-2021\">Rozpoczynamy przedstawianie nominowanych zawodnik\u00f3w w II Plebiscycie WL Ligi. Na pierwszy ogie\u0144 idzie kategoria Bramkarz Roku, w kt\u00f3rej tytu\u0142u sprzed roku broni\u0107 b\u0119dzie golkiper transkrupki.pl &#8211; Mateusz Chmal. <\/h2>\n\n\n\n<p>W tr\u00f3jce najlepszych bramkarzy znalaz\u0142o si\u0119 trzech uczestnik\u00f3w warszawskich fina\u0142\u00f3w Pucharu Polski i Mistrzostw Polski, kt\u00f3re odby\u0142y si\u0119 w lipcu. Ka\u017cdy z trzech bramkarzy mocno zapracowa\u0142 na nominacj\u0119 i by\u0142 kluczow\u0105 postaci\u0105 w szeregach swoich zespo\u0142\u00f3w. Ka\u017cdy mia\u0142 te\u017c sw\u00f3j czas. R\u00f3wn\u0105 form\u0119 przez ca\u0142y rok prezentowa\u0142 Mateusz Chmal, kt\u00f3ry na MP by\u0142 najlepszym zawodnikiem transkrupki.pl. Piotr Adamczak mia\u0142 znakomit\u0105 pierwsz\u0105 cz\u0119\u015b\u0107 roku, podczas kt\u00f3rej wywalczy\u0142 a\u017c trzy indywidualne tytu\u0142y i dwa trofea z Emeritos Galaktikos. Damian Fr\u0105czak wraz ca\u0142\u0105 Ch\u0142ost\u0105 zanotowa\u0142 bardzo udan\u0105 jesie\u0144, ale podczas zimowej edycji r\u00f3wnie\u017c nie pr\u00f3\u017cnowa\u0142 przyczyniaj\u0105c si\u0119 do wywalczenia Pucharu WL Ligi, kt\u00f3ry w ostatecznym rozrachunku da\u0142 awans do Pucharu Polski. <\/p>\n\n\n\n<p>Opr\u00f3cz nominowanych trzech zawodnik\u00f3w postanowili\u015bmy r\u00f3wnie\u017c stworzy\u0107 klasyfikacj\u0119 bramkarzy na miejscach 4-10. <\/p>\n\n\n\n<p><strong>Najlepsi bramkarze 2022 roku na WL Lidze<\/strong><\/p>\n\n\n\n<p>1-3. <strong>Piotr Adamczak<\/strong> (Emeritos Galaktikos), <strong>Mateusz Chmal<\/strong> (transkrupka.pl), <strong>Damian Fr\u0105czak<\/strong> (Ch\u0142osta)<br>4. <strong>Jakub Luboja\u0144ski <\/strong>(Emeritos Galaktikos\/El Pistoleros)<br>5. <strong>\u0141ukasz Machowina<\/strong> (IKP Olimpia)<br>6. <strong>Filip Jerszy\u0144ski <\/strong>(Tornado Ognik)<br>7. <strong>B\u0142a\u017cej Nowaczyk<\/strong> (Imperium \u0141azarskie)<br>8. <strong>Filip Ochocki <\/strong>(Tilted Penguins)<br>9. <strong>Jakub T\u0142oczek<\/strong> (FTF)<br>10. <strong>Tomasz Bartkowiak<\/strong> (Hurtownia.Fajerwerkowo.pl) <\/p>\n\n\n\n<hr class=\"wp-block-separator has-css-opacity\"\/>\n\n\n\n<p><strong>Piotr Adamczak<\/strong> (Emeritos Galaktikos) \u2013 pierwsze p\u00f3\u0142rocze by\u0142o kapitalne w wykonaniu bramkarza Emeritos Galaktikos, kt\u00f3ry by\u0142 kluczow\u0105 postaci\u0105 w swoim zespole. Sukcesy dru\u017cynowe okrasza\u0142 indywidualnymi wyr\u00f3\u017cnieniami. Trzykrotnie by\u0142 wybierany najlepszym golkiperem rozgrywek, a przy okazji odebra\u0142 tak\u017ce dwa z\u0142ote medale i jedno srebro. Nagrod\u0105 za udane sze\u015b\u0107 miesi\u0119cy by\u0142 wyst\u0119p w Pucharze Polski, kt\u00f3rego Galaktycznym nie uda\u0142o si\u0119 zwojowa\u0107. Drugie p\u00f3\u0142 roku rozpocz\u0119\u0142o si\u0119 od awansu do fina\u0142u Superpucharu, w kt\u00f3rym Adamczak nie zdo\u0142a\u0142 powstrzyma\u0107 w karnych IKP Olimpii, a zako\u0144czy\u0142o udanym startem w zimowej edycji. Jesie\u0144 by\u0142a fatalna w wykonaniu Emeritos Galaktikos, kt\u00f3rzy z hukiem spadli do drugiej ligi. Jednym z g\u0142\u00f3wnych powod\u00f3w by\u0142 brak &#8230; Adamczaka, kt\u00f3ry do ko\u0144ca pa\u017adziernika leczy\u0142 kontuzj\u0119.<\/p>\n\n\n\n<h4 class=\"wp-block-heading\" id=\"podsumowanie-osiagniec-mateusza-chmala\"><strong>Podsumowanie osi\u0105gni\u0119\u0107 Piotra Adamczaka<\/strong><\/h4>\n\n\n\n<p><strong>Indywidualne<\/strong><\/p>\n\n\n\n<ul class=\"wp-block-list\">\n<li>najlepszy bramkarz 2. WL Ligi w sezonie Zima 2021\/2022<\/li>\n\n\n\n<li>najlepszy bramkarz Pucharu WL Ligi w sezonie Wiosna 2022<\/li>\n\n\n\n<li>najlepszy bramkarz turnieju z okazji 100-lecia Lecha Pozna\u0144<\/li>\n\n\n\n<li>uczestnik Pucharu Polski w pi\u0142ce no\u017cnej 6-osobowej<\/li>\n<\/ul>\n\n\n\n<p><strong>Dru\u017cynowe<\/strong><\/p>\n\n\n\n<ul class=\"wp-block-list\">\n<li>zdobywca Pucharu WL Ligi w sezonie Wiosna 2022<\/li>\n\n\n\n<li>mistrz 2. WL Ligi w sezonie Zima 2021\/2022<\/li>\n\n\n\n<li>wicemistrz 2. WL Ligi w sezonie Wiosna 2022<\/li>\n\n\n\n<li>finalista Superpucharu WL Ligi w sezonie Jesie\u0144 2022<\/li>\n\n\n\n<li>finalista turnieju z okazji 100-lecia Lecha Pozna\u0144 <\/li>\n\n\n\n<li>zwyci\u0119zca play-off o 2. WL Ligi w sezonie Wiosna 2022<\/li>\n<\/ul>\n\n\n\n<hr class=\"wp-block-separator has-css-opacity\"\/>\n\n\n\n<p><strong>Mateusz Chmal<\/strong> (transkrupka.pl) \u2013 zesz\u0142oroczny zdobywca nagrody Bramkarza Roku ponownie stan\u0105\u0142 do walki o miano najlepszego w\u015br\u00f3d golkiper\u00f3w. Na pozna\u0144skim podw\u00f3rku Chmal prezentowa\u0142 solidn\u0105 form\u0119, kt\u00f3ra nie wystarczy\u0142a do uzyskania indywidualnych wyr\u00f3\u017cnie\u0144. Nie by\u0142 to wybitny rok w wykonaniu transkrupki.pl, kt\u00f3rej poza zwyci\u0119stwem w Turnieju Mistrz\u00f3w, nie uda\u0142o si\u0119 wywalczy\u0107 \u017cadnego trofeum. Wybitna by\u0142a za to postawa Chmala w warszawskich fina\u0142ach Mistrzostw Polski. By\u0142 on zdecydowanie najlepszym zawodnikiem w szeregach transkrupki.pl, kt\u00f3rej uda\u0142o si\u0119 wywalczy\u0107 awans do najlepszej \u00f3semki amatorskich dru\u017cyn w Polsce. W pierwszych pi\u0119ciu meczach, \u0142\u0105cznie z 1\/8 fina\u0142u, straci\u0142 zaledwie jednego gola, a w ostatnich sekundach pojedynku o 1\/4 obroni\u0142 rzut karny. <\/p>\n\n\n\n<h4 class=\"wp-block-heading\" id=\"podsumowanie-osiagniec-mateusza-chmala\"><strong>Podsumowanie osi\u0105gni\u0119\u0107 Mateusza Chmala<\/strong><\/h4>\n\n\n\n<p><strong>Indywidualne<\/strong><\/p>\n\n\n\n<ul class=\"wp-block-list\">\n<li>uczestnik Mistrzostw Polski w pi\u0142ce no\u017cnej 6-osobowej<\/li>\n<\/ul>\n\n\n\n<p><strong>Dru\u017cynowe<\/strong><\/p>\n\n\n\n<ul class=\"wp-block-list\">\n<li>zwyci\u0119zca Turnieju Mistrz\u00f3w 2021\/2022<\/li>\n\n\n\n<li>wicemistrz WL Ligi w sezonie Jesie\u0144 2022<\/li>\n\n\n\n<li>finalista Pucharu WL Ligi w sezonie Jesie\u0144 2022<\/li>\n\n\n\n<li>br\u0105zowy medalista Pucharu WL Ligi w sezonie Wiosna 2022<\/li>\n\n\n\n<li>\u0107wier\u0107finalista Mistrzostw Polski<\/li>\n<\/ul>\n\n\n\n<hr class=\"wp-block-separator has-css-opacity\"\/>\n\n\n\n<p><strong>Damian Fr\u0105czak<\/strong> (Ch\u0142osta) \u2013 rok rozpocz\u0105\u0142 udanie, bo od wywalczenia Pucharu WL Ligi w sezonie zimowym, kt\u00f3ry w ostatecznym rozrachunku da\u0142 awans do Pucharu Polski. Fr\u0105czak nie mia\u0142 sobie r\u00f3wnych mi\u0119dzy s\u0142upkami i zas\u0142u\u017cenie zgarn\u0105\u0142 nagrod\u0119 dla najlepszego golkipera pucharowej rywalizacji. W \u0107wier\u0107finale zosta\u0142 bohaterem serii rzut\u00f3w karnych, w p\u00f3\u0142fina\u0142owym boju zachowa\u0142 czyste konto, a w rywalizacji o trofeum by\u0142 najlepszy na placu gry. Wyst\u0119p w warszawskich fina\u0142ach Pucharu Polski r\u00f3wnie\u017c zaliczy\u0142 do udanych, cho\u0107 Ch\u0142osta odpad\u0142a po fazie grupowej. Druga cz\u0119\u015b\u0107 roku by\u0142a lepsza dla Fr\u0105czaka, kt\u00f3ry by\u0142 silnym punktem dru\u017cyny mistrza ligi za co w najbli\u017cszym czasie otrzyma statuetk\u0119 dla najlepszego golkipera jesiennej edycji w elicie. <\/p>\n\n\n\n<h4 class=\"wp-block-heading\" id=\"podsumowanie-osiagniec-mateusza-chmala\"><strong>Podsumowanie osi\u0105gni\u0119\u0107 Damiana Fr\u0105czaka<\/strong><\/h4>\n\n\n\n<p><strong>Indywidualne<\/strong><\/p>\n\n\n\n<ul class=\"wp-block-list\">\n<li>najlepszy bramkarz Pucharu WL Ligi w sezonie Zima 2021\/2022<\/li>\n\n\n\n<li>najlepszy bramkarz 1. WL Ligi w sezonie Jesie\u0144 2022<\/li>\n\n\n\n<li>uczestnik Pucharu Polski w pi\u0142ce no\u017cnej 6-osobowej<\/li>\n<\/ul>\n\n\n\n<p><strong>Dru\u017cynowe<\/strong><\/p>\n\n\n\n<ul class=\"wp-block-list\">\n<li>mistrz WL Ligi w sezonie Jesie\u0144 2022<\/li>\n\n\n\n<li>zdobywca Pucharu WL Ligi w sezonie Zima 2021\/2022<\/li>\n<\/ul>\n","protected":false},"excerpt":{"rendered":"<p>Rozpoczynamy przedstawianie nominowanych zawodnik\u00f3w w II Plebiscycie WL Ligi. Na pierwszy ogie\u0144 idzie kategoria Bramkarz Roku, w kt\u00f3rej tytu\u0142u sprzed roku broni\u0107 b\u0119dzie golkiper transkrupki.pl &#8211; Mateusz Chmal. <\/p>\n","protected":false},"author":2,"featured_media":23983,"comment_status":"closed","ping_status":"open","sticky":false,"template":"","format":"standard","meta":{"_jetpack_memberships_contains_paid_content":false,"footnotes":"","jetpack_publicize_message":"","jetpack_publicize_feature_enabled":true,"jetpack_social_post_already_shared":true,"jetpack_social_options":{"image_generator_settings":{"template":"highway","default_image_id":0,"font":"","enabled":false},"version":2}},"categories":[212],"tags":[],"class_list":["post-23965","post","type-post","status-publish","format-standard","has-post-thumbnail","hentry","category-plebiscyt-wl-ligi"],"jetpack_publicize_connections":[],"jetpack_featured_media_url":"https:\/\/ligawl.pl\/wp-content\/uploads\/2023\/01\/news2-3.png","jetpack_sharing_enabled":true,"_links":{"self":[{"href":"https:\/\/ligawl.pl\/index.php\/wp-json\/wp\/v2\/posts\/23965","targetHints":{"allow":["GET"]}}],"collection":[{"href":"https:\/\/ligawl.pl\/index.php\/wp-json\/wp\/v2\/posts"}],"about":[{"href":"https:\/\/ligawl.pl\/index.php\/wp-json\/wp\/v2\/types\/post"}],"author":[{"embeddable":true,"href":"https:\/\/ligawl.pl\/index.php\/wp-json\/wp\/v2\/users\/2"}],"replies":[{"embeddable":true,"href":"https:\/\/ligawl.pl\/index.php\/wp-json\/wp\/v2\/comments?post=23965"}],"version-history":[{"count":4,"href":"https:\/\/ligawl.pl\/index.php\/wp-json\/wp\/v2\/posts\/23965\/revisions"}],"predecessor-version":[{"id":23988,"href":"https:\/\/ligawl.pl\/index.php\/wp-json\/wp\/v2\/posts\/23965\/revisions\/23988"}],"wp:featuredmedia":[{"embeddable":true,"href":"https:\/\/ligawl.pl\/index.php\/wp-json\/wp\/v2\/media\/23983"}],"wp:attachment":[{"href":"https:\/\/ligawl.pl\/index.php\/wp-json\/wp\/v2\/media?parent=23965"}],"wp:term":[{"taxonomy":"category","embeddable":true,"href":"https:\/\/ligawl.pl\/index.php\/wp-json\/wp\/v2\/categories?post=23965"},{"taxonomy":"post_tag","embeddable":true,"href":"https:\/\/ligawl.pl\/index.php\/wp-json\/wp\/v2\/tags?post=23965"}],"curies":[{"name":"wp","href":"https:\/\/api.w.org\/{rel}","templated":true}]}}