{"id":23907,"date":"2023-01-13T12:17:15","date_gmt":"2023-01-13T11:17:15","guid":{"rendered":"https:\/\/ligawl.pl\/?p=23907"},"modified":"2023-01-13T14:08:07","modified_gmt":"2023-01-13T13:08:07","slug":"ii-plebiscyt-wl-ligi-nagrodzimy-za-rok-2022","status":"publish","type":"post","link":"https:\/\/ligawl.pl\/index.php\/2023\/01\/13\/ii-plebiscyt-wl-ligi-nagrodzimy-za-rok-2022\/","title":{"rendered":"II Plebiscyt WL Ligi &#8211; nagrodzimy za rok 2022"},"content":{"rendered":"\n<h2 class=\"wp-block-heading\">Podczas najbli\u017cszej gali WL Ligi, kt\u00f3ra jest zaplanowana na luty po raz drugi w historii zostan\u0105 rozdane wyr\u00f3\u017cnienia za mijaj\u0105cy rok. W najbli\u017cszym czasie przedstawimy nominowanych w czterech kategoriach. <\/h2>\n\n\n\n<p>Podobnie jak przed rokiem podczas gali jesiennej WL Ligi nagrodzeni zostan\u0105 najlepsi z mijaj\u0105cych 365 dni. Wyb\u00f3r zostanie dokonany w sze\u015bciu kategoriach. Koordynatorzy i s\u0119dziowie zadecyduj\u0105 o tym kto zostanie zawodnikiem, bramkarzem i managerem roku, a tak\u017ce o tym, kt\u00f3ra z dru\u017cyna otrzyma tytu\u0142 zespo\u0142u roku. Najlepszego s\u0119dziego wybior\u0105 kapitanowie dru\u017cyn. Przyznana zostanie tak\u017ce nagroda specjalna, kt\u00f3r\u0105 wyr\u00f3\u017cniony zostanie manager, zawodnik lub dru\u017cyna. Motywem przewodnim wyboru b\u0119dzie wk\u0142ad w rozw\u00f3j niebiesko-bia\u0142ych rozgrywek. <\/p>\n\n\n\n<h4 class=\"wp-block-heading\">W ramach <strong>II Plebiscytu WL Ligi<\/strong> za rok 2022 nagrodzeni zostan\u0105<\/h4>\n\n\n\n<ul class=\"wp-block-list\">\n<li>Zawodnik Roku<\/li>\n\n\n\n<li>Dru\u017cyna Roku<\/li>\n\n\n\n<li>Manager Roku<\/li>\n\n\n\n<li>Bramkarz Roku<\/li>\n\n\n\n<li>Arbiter roku \/ <em>nagroda imienia Micha\u0142a Gurajdowskiego<\/em><\/li>\n\n\n\n<li>Nagroda specjalna, za wk\u0142ad w rozw\u00f3j WL Ligi<\/li>\n<\/ul>\n\n\n\n<p>W ka\u017cdej z kategorii w najbli\u017cszym czasie poznamy trzech nominowanych, spo\u015br\u00f3d kt\u00f3rych zostan\u0105 wy\u0142onieni zwyci\u0119zcy. Nominacje w przeci\u0105gu najbli\u017cszych dni zostan\u0105 przedstawione na stronie internetowej oraz fanpage\u2019u WL Ligi.<\/p>\n\n\n\n<h4 class=\"wp-block-heading\">Wyniki I Plebiscytu WL Ligi &#8211; 2021<\/h4>\n\n\n\n<ul class=\"wp-block-list\">\n<li>Zawodnik Roku: <strong>Piotr Nowak<\/strong> (IKP Olimpia)<\/li>\n\n\n\n<li>Dru\u017cyna Roku: <strong>IKP Olimpia<\/strong><\/li>\n\n\n\n<li>Manager Roku: <strong>Micha\u0142 Golak<\/strong> (transkrupka.pl)<\/li>\n\n\n\n<li>Bramkarz Roku: <strong>Mateusz Chmal<\/strong> (transkrupka.pl)<\/li>\n\n\n\n<li>Arbiter roku: <strong>Tomasz Szlauderbach<\/strong><\/li>\n\n\n\n<li>Nagroda specjalna, za wk\u0142ad w rozw\u00f3j WL Ligi: <strong>Gietewu<\/strong><\/li>\n<\/ul>\n","protected":false},"excerpt":{"rendered":"<p>Podczas najbli\u017cszej gali WL Ligi, kt\u00f3ra jest zaplanowana na luty po raz drugi w historii zostan\u0105 rozdane wyr\u00f3\u017cnienia za mijaj\u0105cy rok. W najbli\u017cszym czasie przedstawimy nominowanych w czterech kategoriach. <\/p>\n","protected":false},"author":2,"featured_media":23912,"comment_status":"closed","ping_status":"open","sticky":false,"template":"","format":"standard","meta":{"_jetpack_memberships_contains_paid_content":false,"footnotes":"","jetpack_publicize_message":"","jetpack_publicize_feature_enabled":true,"jetpack_social_post_already_shared":true,"jetpack_social_options":{"image_generator_settings":{"template":"highway","default_image_id":0,"font":"","enabled":false},"version":2}},"categories":[212],"tags":[],"class_list":["post-23907","post","type-post","status-publish","format-standard","has-post-thumbnail","hentry","category-plebiscyt-wl-ligi"],"jetpack_publicize_connections":[],"jetpack_featured_media_url":"https:\/\/ligawl.pl\/wp-content\/uploads\/2023\/01\/news.png","jetpack_sharing_enabled":true,"_links":{"self":[{"href":"https:\/\/ligawl.pl\/index.php\/wp-json\/wp\/v2\/posts\/23907","targetHints":{"allow":["GET"]}}],"collection":[{"href":"https:\/\/ligawl.pl\/index.php\/wp-json\/wp\/v2\/posts"}],"about":[{"href":"https:\/\/ligawl.pl\/index.php\/wp-json\/wp\/v2\/types\/post"}],"author":[{"embeddable":true,"href":"https:\/\/ligawl.pl\/index.php\/wp-json\/wp\/v2\/users\/2"}],"replies":[{"embeddable":true,"href":"https:\/\/ligawl.pl\/index.php\/wp-json\/wp\/v2\/comments?post=23907"}],"version-history":[{"count":3,"href":"https:\/\/ligawl.pl\/index.php\/wp-json\/wp\/v2\/posts\/23907\/revisions"}],"predecessor-version":[{"id":23913,"href":"https:\/\/ligawl.pl\/index.php\/wp-json\/wp\/v2\/posts\/23907\/revisions\/23913"}],"wp:featuredmedia":[{"embeddable":true,"href":"https:\/\/ligawl.pl\/index.php\/wp-json\/wp\/v2\/media\/23912"}],"wp:attachment":[{"href":"https:\/\/ligawl.pl\/index.php\/wp-json\/wp\/v2\/media?parent=23907"}],"wp:term":[{"taxonomy":"category","embeddable":true,"href":"https:\/\/ligawl.pl\/index.php\/wp-json\/wp\/v2\/categories?post=23907"},{"taxonomy":"post_tag","embeddable":true,"href":"https:\/\/ligawl.pl\/index.php\/wp-json\/wp\/v2\/tags?post=23907"}],"curies":[{"name":"wp","href":"https:\/\/api.w.org\/{rel}","templated":true}]}}