{"id":23535,"date":"2022-11-29T23:07:19","date_gmt":"2022-11-29T22:07:19","guid":{"rendered":"https:\/\/ligawl.pl\/?p=23535"},"modified":"2022-11-29T23:07:23","modified_gmt":"2022-11-29T22:07:23","slug":"mechaniczna-pomarancza-zdobywca-pucharu-wiary-lecha","status":"publish","type":"post","link":"https:\/\/ligawl.pl\/index.php\/2022\/11\/29\/mechaniczna-pomarancza-zdobywca-pucharu-wiary-lecha\/","title":{"rendered":"Mechaniczna Pomara\u0144cza zdobywc\u0105 Pucharu Wiary Lecha"},"content":{"rendered":"\n<h2 class=\"wp-block-heading\">Najlepszym zespo\u0142em jesiennego Pucharu Wiary Lecha zosta\u0142a Mechaniczna Pomara\u0144cza. Trzecioligowiec w finale wygra\u0142 z Gietewu po rzutach karnych. <\/h2>\n\n\n\n<p>Drabinka, wyniki fazy grupowej i pucharowej oraz klasyfikacja strzelc\u00f3w &#8211; kliknij <strong><a href=\"https:\/\/ligawl.pl\/index.php\/jesien-2022\/puchar-wiary-lecha-j22\/\" target=\"_blank\" rel=\"noreferrer noopener\">TUTAJ<\/a><\/strong>. <\/p>\n\n\n\n<h3 class=\"wp-block-heading\">Faza grupowa: Mechaniczna Pomara\u0144cza i Dom Wydawniczy Rebis najlepsze w fazie grupowej<\/h3>\n\n\n\n<p>Mechaniczna Pomara\u0144cza i Dom Wydawniczy Rebis przebrn\u0119\u0142y faz\u0119 grupow\u0105 z kompletem zwyci\u0119stw. Pomara\u0144czowo-czarni wygrali oba spotkania po 1:0 &#8211; pierwsze z techmarkety.pl, drugie z Gietewu. Rebis by\u0142 skuteczniejszy, ale pope\u0142nia\u0142 b\u0142\u0119dy w defensywie. Na inauguracj\u0119 ogra\u0142 NDW 4:2, cho\u0107 po sze\u015bciu minutach niespodziewanie przegrywa\u0142 1:2. W drugiej potyczce, kt\u00f3ra decydowa\u0142a o tym kto zajmie pierwsze miejsce w grupie B okaza\u0142 si\u0119 minimalnie lepszy od Jaguars. Wygra\u0142 2:1. Jaguars zaj\u0119li drug\u0105 lokat\u0119 dzi\u0119ki wygranej na starcie rywalizacji nad NDW 2:0. W grupie A za Mechaniczn\u0105 Pomara\u0144cz\u0105 zameldowa\u0142o si\u0119 Gietewu, kt\u00f3re wygra\u0142o konkurs rzut\u00f3w karnych z techmarkety.pl. Oba zespo\u0142y przegra\u0142y po 0:1 z Mechaniczn\u0105 Pomara\u0144cz\u0105, a bezpo\u015brednie starcie zako\u0144czy\u0142o si\u0119 remisem 2:2. <\/p>\n\n\n\n<h4 class=\"wp-block-heading\">Grupa A<\/h4>\n\n\n\n<p>Mechaniczna Pomara\u0144cza &#8211; techmarkety.pl <strong>1:0<\/strong> (7&#8242; Pawe\u0142 Fekner)<br>techmarkety.pl &#8211; Gietewu<strong> 2:2<\/strong> (7&#8242; 11&#8242; Maciej Majcherek &#8211; 3&#8242; 8&#8242; Maciej Staniewicz)<br>Gietewu &#8211; Mechaniczna Pomara\u0144cza<strong> 0:1<\/strong> (5&#8242; Adrian Janaszek)<\/p>\n\n\n<div class=\"sportspress\"><div class=\"sp-template sp-template-league-table\">\n\t<h4 class=\"sp-table-caption\">Grupa A<\/h4><div class=\"sp-table-wrapper\"><table class=\"sp-league-table sp-data-table sp-sortable-table sp-responsive-table table_69f2df0750818 sp-scrollable-table sp-paginated-table\" data-sp-rows=\"30\"><thead><tr><th class=\"data-rank\">Pozycja<\/th><th class=\"data-name\">Klub<\/th><th class=\"data-p\">M<\/th><th class=\"data-w\">Z<\/th><th class=\"data-d\">R<\/th><th class=\"data-l\">P<\/th><th class=\"data-f\">Br+<\/th><th class=\"data-a\">Br-<\/th><th class=\"data-gd\">+\/-<\/th><th class=\"data-pts\">Pkt<\/th><\/tr><\/thead><tbody><tr class=\"odd sp-row-no-0\"><td class=\"data-rank\" data-label=\"Pozycja\">1<\/td><td class=\"data-name has-logo\" data-label=\"Klub\"><a href=\"https:\/\/ligawl.pl\/index.php\/clubs\/mechaniczna-pomarancza\/\"><span class=\"team-logo\"><img loading=\"lazy\" decoding=\"async\" width=\"128\" height=\"128\" src=\"https:\/\/ligawl.pl\/wp-content\/uploads\/2020\/03\/Mechaniczna_Pomara\u0144cza-128x128.png\" class=\"attachment-sportspress-fit-icon size-sportspress-fit-icon wp-post-image\" alt=\"\" \/><\/span>Mechaniczna Pomara\u0144cza<\/a><\/td><td class=\"data-p\" data-label=\"M\">2<\/td><td class=\"data-w\" data-label=\"Z\">2<\/td><td class=\"data-d\" data-label=\"R\">0<\/td><td class=\"data-l\" data-label=\"P\">0<\/td><td class=\"data-f\" data-label=\"Br+\">2<\/td><td class=\"data-a\" data-label=\"Br-\">0<\/td><td class=\"data-gd\" data-label=\"+\/-\">2<\/td><td class=\"data-pts\" data-label=\"Pkt\">6<\/td><\/tr><tr class=\"even sp-row-no-1\"><td class=\"data-rank\" data-label=\"Pozycja\">2<\/td><td class=\"data-name has-logo\" data-label=\"Klub\"><a href=\"https:\/\/ligawl.pl\/index.php\/clubs\/gietewu\/\"><span class=\"team-logo\"><img loading=\"lazy\" decoding=\"async\" width=\"128\" height=\"128\" src=\"https:\/\/ligawl.pl\/wp-content\/uploads\/2020\/06\/Gietewu-128x128.png\" class=\"attachment-sportspress-fit-icon size-sportspress-fit-icon wp-post-image\" alt=\"\" \/><\/span>Gietewu<\/a><\/td><td class=\"data-p\" data-label=\"M\">2<\/td><td class=\"data-w\" data-label=\"Z\">0<\/td><td class=\"data-d\" data-label=\"R\">1<\/td><td class=\"data-l\" data-label=\"P\">1<\/td><td class=\"data-f\" data-label=\"Br+\">2<\/td><td class=\"data-a\" data-label=\"Br-\">3<\/td><td class=\"data-gd\" data-label=\"+\/-\">-1<\/td><td class=\"data-pts\" data-label=\"Pkt\">1<\/td><\/tr><tr class=\"odd sp-row-no-2\"><td class=\"data-rank\" data-label=\"Pozycja\">2<\/td><td class=\"data-name has-logo\" data-label=\"Klub\"><a href=\"https:\/\/ligawl.pl\/index.php\/clubs\/techmarkety-pl\/\"><span class=\"team-logo\"><img loading=\"lazy\" decoding=\"async\" width=\"128\" height=\"128\" src=\"https:\/\/ligawl.pl\/wp-content\/uploads\/2021\/08\/Techmarkety-128x128.png\" class=\"attachment-sportspress-fit-icon size-sportspress-fit-icon wp-post-image\" alt=\"\" \/><\/span>techmarkety.pl<\/a><\/td><td class=\"data-p\" data-label=\"M\">2<\/td><td class=\"data-w\" data-label=\"Z\">0<\/td><td class=\"data-d\" data-label=\"R\">1<\/td><td class=\"data-l\" data-label=\"P\">1<\/td><td class=\"data-f\" data-label=\"Br+\">2<\/td><td class=\"data-a\" data-label=\"Br-\">3<\/td><td class=\"data-gd\" data-label=\"+\/-\">-1<\/td><td class=\"data-pts\" data-label=\"Pkt\">1<\/td><\/tr><\/tbody><\/table><\/div><\/div>\n<\/div>\n\n\n\n<h4 class=\"wp-block-heading\">Grupa B<\/h4>\n\n\n\n<p>NDW &#8211; Jaguars <strong>0:2<\/strong> (5&#8242; Damian Wojtkowiak, 9&#8242; Robert Nadratowski)<br>Dom Wydawniczy Rebis &#8211; NDW <strong>4:2<\/strong> (4&#8242; Bart\u0142omiej Cmok, 7&#8242; Tomasz Rybarczyk, 8&#8242; Bartosz Skowro\u0144ski, 12&#8242; Maciej \u0141azar &#8211; 2&#8242; 6&#8242; Micha\u0142 Andrzejewski)<br>Jaguars &#8211; Dom Wydawniczy Rebis <strong>1:2<\/strong> (10&#8242; Damian Wojtkowiak &#8211; 3&#8242; Bart\u0142omiej Cmok, 7&#8242; Bartosz Skowro\u0144ski)<\/p>\n\n\n<div class=\"sportspress\"><div class=\"sp-template sp-template-league-table\">\n\t<h4 class=\"sp-table-caption\">Grupa B<\/h4><div class=\"sp-table-wrapper\"><table class=\"sp-league-table sp-data-table sp-sortable-table sp-responsive-table table_69f2df075e34f sp-scrollable-table sp-paginated-table\" data-sp-rows=\"30\"><thead><tr><th class=\"data-rank\">Pozycja<\/th><th class=\"data-name\">Klub<\/th><th class=\"data-p\">M<\/th><th class=\"data-w\">Z<\/th><th class=\"data-d\">R<\/th><th class=\"data-l\">P<\/th><th class=\"data-f\">Br+<\/th><th class=\"data-a\">Br-<\/th><th class=\"data-gd\">+\/-<\/th><th class=\"data-pts\">Pkt<\/th><\/tr><\/thead><tbody><tr class=\"odd sp-row-no-0\"><td class=\"data-rank\" data-label=\"Pozycja\">1<\/td><td class=\"data-name has-logo\" data-label=\"Klub\"><a href=\"https:\/\/ligawl.pl\/index.php\/clubs\/dom-wydawniczy-rebis\/\"><span class=\"team-logo\"><img loading=\"lazy\" decoding=\"async\" width=\"128\" height=\"128\" src=\"https:\/\/ligawl.pl\/wp-content\/uploads\/2021\/08\/Rebis-kopia-128x128.png\" class=\"attachment-sportspress-fit-icon size-sportspress-fit-icon wp-post-image\" alt=\"\" \/><\/span>Dom Wydawniczy Rebis<\/a><\/td><td class=\"data-p\" data-label=\"M\">2<\/td><td class=\"data-w\" data-label=\"Z\">2<\/td><td class=\"data-d\" data-label=\"R\">0<\/td><td class=\"data-l\" data-label=\"P\">0<\/td><td class=\"data-f\" data-label=\"Br+\">6<\/td><td class=\"data-a\" data-label=\"Br-\">3<\/td><td class=\"data-gd\" data-label=\"+\/-\">3<\/td><td class=\"data-pts\" data-label=\"Pkt\">6<\/td><\/tr><tr class=\"even sp-row-no-1\"><td class=\"data-rank\" data-label=\"Pozycja\">2<\/td><td class=\"data-name has-logo\" data-label=\"Klub\"><a href=\"https:\/\/ligawl.pl\/index.php\/clubs\/kks-poludnie\/\"><span class=\"team-logo\"><img loading=\"lazy\" decoding=\"async\" width=\"128\" height=\"128\" src=\"https:\/\/ligawl.pl\/wp-content\/uploads\/2020\/03\/Jaguars-128x128.png\" class=\"attachment-sportspress-fit-icon size-sportspress-fit-icon wp-post-image\" alt=\"\" \/><\/span>Jaguars<\/a><\/td><td class=\"data-p\" data-label=\"M\">2<\/td><td class=\"data-w\" data-label=\"Z\">1<\/td><td class=\"data-d\" data-label=\"R\">0<\/td><td class=\"data-l\" data-label=\"P\">1<\/td><td class=\"data-f\" data-label=\"Br+\">3<\/td><td class=\"data-a\" data-label=\"Br-\">2<\/td><td class=\"data-gd\" data-label=\"+\/-\">1<\/td><td class=\"data-pts\" data-label=\"Pkt\">3<\/td><\/tr><tr class=\"odd sp-row-no-2\"><td class=\"data-rank\" data-label=\"Pozycja\">3<\/td><td class=\"data-name has-logo\" data-label=\"Klub\"><a href=\"https:\/\/ligawl.pl\/index.php\/clubs\/ndw-poznan\/\"><span class=\"team-logo\"><img loading=\"lazy\" decoding=\"async\" width=\"128\" height=\"128\" src=\"https:\/\/ligawl.pl\/wp-content\/uploads\/2022\/02\/NDW-128x128.png\" class=\"attachment-sportspress-fit-icon size-sportspress-fit-icon wp-post-image\" alt=\"\" \/><\/span>NDW<\/a><\/td><td class=\"data-p\" data-label=\"M\">2<\/td><td class=\"data-w\" data-label=\"Z\">0<\/td><td class=\"data-d\" data-label=\"R\">0<\/td><td class=\"data-l\" data-label=\"P\">2<\/td><td class=\"data-f\" data-label=\"Br+\">2<\/td><td class=\"data-a\" data-label=\"Br-\">6<\/td><td class=\"data-gd\" data-label=\"+\/-\">-4<\/td><td class=\"data-pts\" data-label=\"Pkt\">0<\/td><\/tr><\/tbody><\/table><\/div><\/div>\n<\/div>\n\n\n\n<h3 class=\"wp-block-heading\">1\/2 fina\u0142u: Awans Mechanicznej Pomara\u0144czy i Gietewu<\/h3>\n\n\n\n<p>W p\u00f3\u0142fina\u0142owych parach spotka\u0142y si\u0119 zespo\u0142y z tego samego poziomu rozgrywkowego. Wygrywa\u0142y dru\u017cyny, kt\u00f3re w fazie grupowej rywalizowa\u0142y w grupie A. Pojedynek dw\u00f3ch trzecioligowc\u00f3w zako\u0144czy\u0142 si\u0119 pewn\u0105 wygran\u0105 Mechanicznej Pomara\u0144czy, natomiast w starciu zespo\u0142\u00f3w z drugiej ligi triumfowa\u0142o Gietewu. <\/p>\n\n\n\n<p>Mechaniczna Pomara\u0144cza pokona\u0142a Jaguars 3:0. Dwukrotnie do siatki trafi\u0142 Emil Tomczyk, kt\u00f3rego gole ustali\u0142y wynik potyczki. Worek z bramkami w 5 min rozwi\u0105za\u0142 Pawe\u0142 Fekner. Jednego gola mniej zdoby\u0142o Gietewu, kt\u00f3re udanie zrewan\u017cowa\u0142o si\u0119 Rebisowi za przegran\u0105 w lidze. W 7 min przypadkow\u0105, ale \u0142adn\u0105 bramk\u0119 zdoby\u0142 Ivan Kost. Zawodnik czerwono-czarnych przelobowa\u0142 bramkarza DWR. 120 sekund p\u00f3\u017aniej sk\u0142adn\u0105 akcj\u0119 wyko\u0144czy\u0142 Przemys\u0142aw Latosi piecz\u0119tuj\u0105c fina\u0142 dla Gietewu. <\/p>\n\n\n\n<p><strong>Mechaniczna Pomara\u0144cza<\/strong> &#8211; Jaguars <strong>3:0<\/strong> (8&#8242; 9&#8242; Emil Tomczyk, 5&#8242; Pawe\u0142 Fekner)<br>Dom Wydawniczy Rebis &#8211; <strong>Gietewu<\/strong> <strong>0:2<\/strong> (7&#8242; Ivan Kost, 9&#8242; Przemys\u0142aw Latosi)<\/p>\n\n\n\n<h3 class=\"wp-block-heading\">Fina\u0142: Kapitalny fina\u0142 fina\u0142u<\/h3>\n\n\n\n<p>Emocje w fina\u0142owej potyczce rozpocz\u0119\u0142y si\u0119 wraz z pocz\u0105tkiem ostatniej minuty. Kontratak czerwono-czarnych znakomicie wyko\u0144czy\u0142 najlepszy strzelec Gietewu &#8211; Mateusz J\u00f3\u017awiak. Wydawa\u0142o si\u0119, \u017ce by\u0142 to gol na wag\u0119 zwyci\u0119stwa w Pucharze Wiary Lecha. Mechaniczna Pomara\u0144cza gra\u0142a do ko\u0144ca, do ostatniej sekundy. Chwil\u0119 przed ko\u0144cowym gwizdkiem oko w oko ze znakomicie spisuj\u0105cym si\u0119 bramkarzem czerwono-czarnych stan\u0105\u0142 Fekner. Nie zmarnowa\u0142 okazji i skierowa\u0142 pi\u0142k\u0119 do siatki. Mecz zako\u0144czy\u0142 si\u0119 remisem 1:1. Zwyci\u0119zc\u0119 musia\u0142 wy\u0142oni\u0107 konkurs rzut\u00f3w karnych. Kamil Sytek obroni\u0142 pierwszy strza\u0142, a nast\u0119pnie sam trafi\u0142 do siatki. W drugiej serii bramkarz Mechanicznej Pomara\u0144czy odprowadzi\u0142 pi\u0142k\u0119 wzrokiem na s\u0142upek. Decyduj\u0105cy karny nale\u017ca\u0142 do Feknera, kt\u00f3ry wcze\u015bniej przed\u0142u\u017cy\u0142 nadzieje swojej dru\u017cyny na wywalczenie pucharu. Trafi\u0142, seria rzut\u00f3w karnych zako\u0144czy\u0142a si\u0119 wygran\u0105 pomara\u0144czowo-czarnych 2:0. <\/p>\n\n\n\n<p><strong>Mechaniczna Pomara\u0144cza<\/strong> &#8211; Gietewu <strong>1:1<\/strong> karne <strong>2:0<\/strong> (12&#8221; Pawe\u0142 Fekner &#8211; 12&#8242; Mateusz J\u00f3\u017awiak)<\/p>\n","protected":false},"excerpt":{"rendered":"<p>Najlepszym zespo\u0142em jesiennego Pucharu Wiary Lecha zosta\u0142a Mechaniczna Pomara\u0144cza. Trzecioligowiec w finale wygra\u0142 z Gietewu po rzutach karnych. <\/p>\n","protected":false},"author":2,"featured_media":23541,"comment_status":"closed","ping_status":"open","sticky":false,"template":"","format":"standard","meta":{"_jetpack_memberships_contains_paid_content":false,"footnotes":"","jetpack_publicize_message":"","jetpack_publicize_feature_enabled":true,"jetpack_social_post_already_shared":true,"jetpack_social_options":{"image_generator_settings":{"template":"highway","default_image_id":0,"font":"","enabled":false},"version":2}},"categories":[23],"tags":[],"class_list":["post-23535","post","type-post","status-publish","format-standard","has-post-thumbnail","hentry","category-pwl2"],"jetpack_publicize_connections":[],"jetpack_featured_media_url":"https:\/\/ligawl.pl\/wp-content\/uploads\/2022\/11\/20221129_230615_0000.png","jetpack_sharing_enabled":true,"_links":{"self":[{"href":"https:\/\/ligawl.pl\/index.php\/wp-json\/wp\/v2\/posts\/23535","targetHints":{"allow":["GET"]}}],"collection":[{"href":"https:\/\/ligawl.pl\/index.php\/wp-json\/wp\/v2\/posts"}],"about":[{"href":"https:\/\/ligawl.pl\/index.php\/wp-json\/wp\/v2\/types\/post"}],"author":[{"embeddable":true,"href":"https:\/\/ligawl.pl\/index.php\/wp-json\/wp\/v2\/users\/2"}],"replies":[{"embeddable":true,"href":"https:\/\/ligawl.pl\/index.php\/wp-json\/wp\/v2\/comments?post=23535"}],"version-history":[{"count":3,"href":"https:\/\/ligawl.pl\/index.php\/wp-json\/wp\/v2\/posts\/23535\/revisions"}],"predecessor-version":[{"id":23542,"href":"https:\/\/ligawl.pl\/index.php\/wp-json\/wp\/v2\/posts\/23535\/revisions\/23542"}],"wp:featuredmedia":[{"embeddable":true,"href":"https:\/\/ligawl.pl\/index.php\/wp-json\/wp\/v2\/media\/23541"}],"wp:attachment":[{"href":"https:\/\/ligawl.pl\/index.php\/wp-json\/wp\/v2\/media?parent=23535"}],"wp:term":[{"taxonomy":"category","embeddable":true,"href":"https:\/\/ligawl.pl\/index.php\/wp-json\/wp\/v2\/categories?post=23535"},{"taxonomy":"post_tag","embeddable":true,"href":"https:\/\/ligawl.pl\/index.php\/wp-json\/wp\/v2\/tags?post=23535"}],"curies":[{"name":"wp","href":"https:\/\/api.w.org\/{rel}","templated":true}]}}