{"id":22582,"date":"2022-09-20T00:38:15","date_gmt":"2022-09-19T22:38:15","guid":{"rendered":"https:\/\/ligawl.pl\/?p=22582"},"modified":"2022-09-20T00:38:17","modified_gmt":"2022-09-19T22:38:17","slug":"najlepsi-wiosennej-edycji-uhonorowani-2","status":"publish","type":"post","link":"https:\/\/ligawl.pl\/index.php\/2022\/09\/20\/najlepsi-wiosennej-edycji-uhonorowani-2\/","title":{"rendered":"Najlepsi wiosennej edycji uhonorowani"},"content":{"rendered":"\n<h2 class=\"wp-block-heading\">W pi\u0105tkowy wiecz\u00f3r w siedzibie Stowarzyszenia Kibic\u00f3w Kolejorz odby\u0142a si\u0119 Gala WL Ligi za sezon Wiosna 2022. <\/h2>\n\n\n\n<p>Gala wiosennej edycji WL Ligi drugi raz w historii odby\u0142a si\u0119 w siedzibie Stowarzyszenia Kibic\u00f3w Kolejorz. Podobnie jak rok temu lokalizacja sprzyja\u0142a jednemu ze sponsor\u00f3w rozgrywek, czyli marce Lech Pils, kt\u00f3ra mog\u0142a podzi\u0119kowa\u0107 najlepszym z\u0142ocistym pocz\u0119stunkiem. <\/p>\n\n\n\n<p>Najwi\u0119cej laur\u00f3w za wiosenne sukcesy zebrali zawodnicy IKP Olimpii, Tilted Penguins i Emeritos Galaktikos. Przedstawiciele tych zespo\u0142\u00f3w byli czterokrotnie zapraszani na \u015brodek sali. Trzykrotnie ten zaszczyt spotka\u0142 najlepsz\u0105 trzecioligow\u0105 ekip\u0119 &#8211; Kolib Lubo\u0144 FC. <\/p>\n\n\n\n<p>Na Gali WL Ligi pojawili si\u0119 przedstawiciele nast\u0119puj\u0105cych zespo\u0142\u00f3w: transkrupka.pl, IKP Olimpia, Synowie Gehenny, Tornado Ognik, Tilted Penguins, Emeritos Galaktikos, Bistro Kopernik, FC Albatros i Kolib Lubo\u0144 FC. <\/p>\n\n\n\n<h4 class=\"wp-block-heading\">Nagrodzeni za edycj\u0119 WL Ligi &#8211; Wiosna 2022<\/h4>\n\n\n\n<h5 class=\"wp-block-heading\">1. WL LIGA<\/h5>\n\n\n\n<p>I miejsce \u2013\u00a0<strong>IKP Olimpia<\/strong><br>II miejsce \u2013\u00a0<strong>Alcomex Noteciaki<\/strong><br>III miejsce \u2013\u00a0<strong>Synowie Gehenny<\/strong><br>Najlepszy bramkarz \u2013 <strong>\u0141ukasz Machowina<\/strong> (IKP Olimpia)<br>Najlepszy zawodnik \u2013\u00a0<strong>Mateusz Gajewski\u00a0<\/strong>(FSC Braga)<br>Najlepszy strzelec \u2013\u00a0<strong>Mateusz Gajewski<\/strong>\u00a0(FSC Braga)<\/p>\n\n\n\n<h5 class=\"wp-block-heading\">2. WL LIGA<\/h5>\n\n\n\n<p>I miejsce \u2013\u00a0<strong> Tilted Penguins<\/strong><br>II miejsce\u00a0<strong>\u2013 Emeritos Galaktikos<\/strong><br>III miejsce \u2013\u00a0<strong>Dom Wydawniczy Rebis<\/strong><br>Najlepszy bramkarz \u2013\u00a0<strong>Filip Ochocki\u00a0<\/strong>(Tilted Penguins)<br>Najlepszy zawodnik \u2013\u00a0<strong>Miko\u0142aj \u0141abuszy\u0144ski<\/strong>\u00a0(Tilted Penguins)<br>Najlepszy strzelec \u2013\u00a0<strong>S\u0142awomir Szalczyk\u00a0<\/strong>(Imperium \u0141azarskie)<\/p>\n\n\n\n<h5 class=\"wp-block-heading\">3. WL LIGA<\/h5>\n\n\n\n<p>I miejsce \u2013\u00a0<strong>Kolib Lubo\u0144 FC<\/strong><br>II miejsce \u2013\u00a0<strong>FC Albatros<\/strong><br>III miejsce \u2013\u00a0<strong>Bistro Kopernik<\/strong><br>Najlepszy bramkarz \u2013\u00a0<strong>Jakub M\u0142ynarz\u00a0<\/strong>(Kolib Lubo\u0144 FC)<br>Najlepszy zawodnik \u2013\u00a0<strong>Dominik Przybylski <\/strong>(Kolib Lubo\u0144 FC)<br>Najlepszy strzelec \u2013\u00a0<strong>Daniel Banaszak\u00a0<\/strong>(FC Colquimica)<\/p>\n\n\n\n<h5 class=\"wp-block-heading\">PUCHAR WL LIGI<\/h5>\n\n\n\n<p>I miejsce \u2013<strong>\u00a0Emeritos Galaktikos<\/strong><br>II miejsce \u2013\u00a0<strong>Tilted Penguins<\/strong><br>III miejsce \u2013\u00a0<strong>transkrupka.pl<\/strong><br>Najlepszy bramkarz \u2013\u00a0<strong>Piotr Adamczak<\/strong>\u00a0(Emeritos Galaktikos)<br>Najlepszy zawodnik \u2013\u00a0<strong>\u0141ukasz Lekier\u00a0<\/strong>(Emeritos Galaktikos)<br>Najlepszy strzelec \u2013 <strong>Micha\u0142 Golak\u00a0<\/strong>(transkrupka.pl)<\/p>\n\n\n\n<h5 class=\"wp-block-heading\">PUCHAR WIARY LECHA<\/h5>\n\n\n\n<p>I miejsce \u2013<strong>\u00a0IKP Olimpia <\/strong><br>Najlepszy zawodnik &#8211; <strong>Piotr Nowak<\/strong> (IKP Olimpia)<\/p>\n\n\n\n<h5 class=\"wp-block-heading\">PUCHAR WIARY LECHA<\/h5>\n\n\n\n<p>I miejsce \u2013<strong>&nbsp;Tornado Ognik<\/strong><\/p>\n","protected":false},"excerpt":{"rendered":"<p>W pi\u0105tkowy wiecz\u00f3r w siedzibie Stowarzyszenia Kibic\u00f3w Kolejorz odby\u0142a si\u0119 Gala WL Ligi za sezon Wiosna 2022. <\/p>\n","protected":false},"author":2,"featured_media":22583,"comment_status":"closed","ping_status":"open","sticky":false,"template":"","format":"standard","meta":{"_jetpack_memberships_contains_paid_content":false,"footnotes":"","jetpack_publicize_message":"","jetpack_publicize_feature_enabled":true,"jetpack_social_post_already_shared":true,"jetpack_social_options":{"image_generator_settings":{"template":"highway","default_image_id":0,"font":"","enabled":false},"version":2}},"categories":[185],"tags":[],"class_list":["post-22582","post","type-post","status-publish","format-standard","has-post-thumbnail","hentry","category-gala-wl-ligi"],"jetpack_publicize_connections":[],"jetpack_featured_media_url":"https:\/\/ligawl.pl\/wp-content\/uploads\/2022\/09\/PSX_20220920_003721-scaled.jpg","jetpack_sharing_enabled":true,"_links":{"self":[{"href":"https:\/\/ligawl.pl\/index.php\/wp-json\/wp\/v2\/posts\/22582","targetHints":{"allow":["GET"]}}],"collection":[{"href":"https:\/\/ligawl.pl\/index.php\/wp-json\/wp\/v2\/posts"}],"about":[{"href":"https:\/\/ligawl.pl\/index.php\/wp-json\/wp\/v2\/types\/post"}],"author":[{"embeddable":true,"href":"https:\/\/ligawl.pl\/index.php\/wp-json\/wp\/v2\/users\/2"}],"replies":[{"embeddable":true,"href":"https:\/\/ligawl.pl\/index.php\/wp-json\/wp\/v2\/comments?post=22582"}],"version-history":[{"count":1,"href":"https:\/\/ligawl.pl\/index.php\/wp-json\/wp\/v2\/posts\/22582\/revisions"}],"predecessor-version":[{"id":22584,"href":"https:\/\/ligawl.pl\/index.php\/wp-json\/wp\/v2\/posts\/22582\/revisions\/22584"}],"wp:featuredmedia":[{"embeddable":true,"href":"https:\/\/ligawl.pl\/index.php\/wp-json\/wp\/v2\/media\/22583"}],"wp:attachment":[{"href":"https:\/\/ligawl.pl\/index.php\/wp-json\/wp\/v2\/media?parent=22582"}],"wp:term":[{"taxonomy":"category","embeddable":true,"href":"https:\/\/ligawl.pl\/index.php\/wp-json\/wp\/v2\/categories?post=22582"},{"taxonomy":"post_tag","embeddable":true,"href":"https:\/\/ligawl.pl\/index.php\/wp-json\/wp\/v2\/tags?post=22582"}],"curies":[{"name":"wp","href":"https:\/\/api.w.org\/{rel}","templated":true}]}}