{"id":19166,"date":"2022-02-25T11:57:37","date_gmt":"2022-02-25T10:57:37","guid":{"rendered":"https:\/\/ligawl.pl\/?p=19166"},"modified":"2022-02-25T20:47:24","modified_gmt":"2022-02-25T19:47:24","slug":"fotorelacji-z-gali-forbet-wl-ligi","status":"publish","type":"post","link":"https:\/\/ligawl.pl\/index.php\/2022\/02\/25\/fotorelacji-z-gali-forbet-wl-ligi\/","title":{"rendered":"Fotorelacja z Gali forBET WL Ligi"},"content":{"rendered":"\n<h2 class=\"wp-block-heading\">W \u015brod\u0119 23 lutego w Restauracji Podanie odby\u0142a si\u0119 Gala forBET WL Ligi za sezon jesienny 2021. Podczas wieczoru wr\u0119czone zosta\u0142y tak\u017ce nagrody za I Plebiscyt WL Ligi. Zapraszamy na fotorelacj\u0119 autorstwa Damiana Garbatowskiego. <\/h2>\n\n\n\n<iframe loading=\"lazy\" src=\"https:\/\/www.facebook.com\/plugins\/post.php?href=https%3A%2F%2Fwww.facebook.com%2Fwlliga%2Fposts%2F2405826542882321&amp;show_text=true&amp;width=500\" width=\"500\" height=\"701\" style=\"border:none;overflow:hidden\" scrolling=\"no\" frameborder=\"0\" allowfullscreen=\"true\" allow=\"autoplay; clipboard-write; encrypted-media; picture-in-picture; web-share\"><\/iframe>\n","protected":false},"excerpt":{"rendered":"<p>W \u015brod\u0119 23 lutego w Restauracji Podanie odby\u0142a si\u0119 Gala forBET WL Ligi za sezon jesienny 2021. Podczas wieczoru wr\u0119czone zosta\u0142y tak\u017ce nagrody za I Plebiscyt WL Ligi. Zapraszamy na fotorelacj\u0119 autorstwa Damiana Garbatowskiego. <\/p>\n","protected":false},"author":2,"featured_media":19168,"comment_status":"closed","ping_status":"open","sticky":false,"template":"","format":"standard","meta":{"_jetpack_memberships_contains_paid_content":false,"footnotes":"","jetpack_publicize_message":"","jetpack_publicize_feature_enabled":true,"jetpack_social_post_already_shared":true,"jetpack_social_options":{"image_generator_settings":{"template":"highway","default_image_id":0,"font":"","enabled":false},"version":2}},"categories":[175,185],"tags":[],"class_list":["post-19166","post","type-post","status-publish","format-standard","has-post-thumbnail","hentry","category-fotorelacja","category-gala-wl-ligi"],"jetpack_publicize_connections":[],"jetpack_featured_media_url":"https:\/\/ligawl.pl\/wp-content\/uploads\/2022\/02\/PSX_20220225_120117.jpg","jetpack_sharing_enabled":true,"_links":{"self":[{"href":"https:\/\/ligawl.pl\/index.php\/wp-json\/wp\/v2\/posts\/19166","targetHints":{"allow":["GET"]}}],"collection":[{"href":"https:\/\/ligawl.pl\/index.php\/wp-json\/wp\/v2\/posts"}],"about":[{"href":"https:\/\/ligawl.pl\/index.php\/wp-json\/wp\/v2\/types\/post"}],"author":[{"embeddable":true,"href":"https:\/\/ligawl.pl\/index.php\/wp-json\/wp\/v2\/users\/2"}],"replies":[{"embeddable":true,"href":"https:\/\/ligawl.pl\/index.php\/wp-json\/wp\/v2\/comments?post=19166"}],"version-history":[{"count":5,"href":"https:\/\/ligawl.pl\/index.php\/wp-json\/wp\/v2\/posts\/19166\/revisions"}],"predecessor-version":[{"id":21158,"href":"https:\/\/ligawl.pl\/index.php\/wp-json\/wp\/v2\/posts\/19166\/revisions\/21158"}],"wp:featuredmedia":[{"embeddable":true,"href":"https:\/\/ligawl.pl\/index.php\/wp-json\/wp\/v2\/media\/19168"}],"wp:attachment":[{"href":"https:\/\/ligawl.pl\/index.php\/wp-json\/wp\/v2\/media?parent=19166"}],"wp:term":[{"taxonomy":"category","embeddable":true,"href":"https:\/\/ligawl.pl\/index.php\/wp-json\/wp\/v2\/categories?post=19166"},{"taxonomy":"post_tag","embeddable":true,"href":"https:\/\/ligawl.pl\/index.php\/wp-json\/wp\/v2\/tags?post=19166"}],"curies":[{"name":"wp","href":"https:\/\/api.w.org\/{rel}","templated":true}]}}