{"id":19020,"date":"2022-02-21T07:43:17","date_gmt":"2022-02-21T06:43:17","guid":{"rendered":"https:\/\/ligawl.pl\/?p=19020"},"modified":"2022-02-21T07:45:45","modified_gmt":"2022-02-21T06:45:45","slug":"oswiadczenie-zarzadu-stowarzyszenia-wiara-lecha-w-sprawie-zimowej-edycji-wl-ligi","status":"publish","type":"post","link":"https:\/\/ligawl.pl\/index.php\/2022\/02\/21\/oswiadczenie-zarzadu-stowarzyszenia-wiara-lecha-w-sprawie-zimowej-edycji-wl-ligi\/","title":{"rendered":"O\u015bwiadczenie zarz\u0105du Stowarzyszenia Wiara Lecha w sprawie zimowej edycji WL Ligi"},"content":{"rendered":"\n<h2 class=\"wp-block-heading\" id=\"zimowa-kampania-wl-ligi-w-sezonie-2021-22-zostanie-dokonczona-decyzja-organizatora-i-kapitanow-druzyn-rozgrywki-beda-kontynuowane-na-otwartych-boiskach-do-dramatycznej-sytuacji-zwiazanej-z-obiektami-odniosl-sie-zarzad-wiary-lecha\">Zimowa kampania WL Ligi w sezonie 2021\/22 zostanie doko\u0144czona. Decyzj\u0105 Organizatora i kapitan\u00f3w dru\u017cyn rozgrywki b\u0119d\u0105 kontynuowane na otwartych boiskach. Do dramatycznej sytuacji zwi\u0105zanej z obiektami odni\u00f3s\u0142 si\u0119 zarz\u0105d Wiary Lecha.<\/h2>\n\n\n\n<blockquote class=\"wp-block-quote is-layout-flow wp-block-quote-is-layout-flow\"><p>Sezon 2021\/22 mia\u0142 by\u0107 wyj\u0105tkowy. Przy okazji poprzedniej edycji przenie\u015bli\u015bmy nasze rozgrywki z hali pod balon pneumatyczny nowoczesnego Centrum PLEK. Zd\u0105\u017cyli\u015bmy rozegra\u0107 cztery kolejki, po czym nast\u0105pi\u0142 lockdown, kt\u00f3ry w zamkni\u0119tych obiektach sportowych trwa\u0142 do po\u0142owy kwietnia. Nie mogli\u015bmy rozwin\u0105\u0107 skrzyde\u0142, nie mogli\u015bmy zrobi\u0107 otoczki wok\u00f3\u0142 ligi jak to mia\u0142o miejsce podczas futsalowych rozgrywek.<\/p><p>Kolejn\u0105 zimow\u0105 edycj\u0119 ponownie postanowili\u015bmy sp\u0119dzi\u0107 w Centrum PLEK. Rozpocz\u0119li\u015bmy zgodnie z planem. Rozegrane zosta\u0142y trzy kolejki, a przy okazji zorganizowali\u015bmy trzy turnieje z cyklu Duszyczki Cup. I nagle przysz\u0142a informacja, \u017ce balon pod naporem \u015bniegu i lodu zawali\u0142 si\u0119. Mieli\u015bmy nadziej\u0119, \u017ce usterka zostanie naprawiona i wr\u00f3cimy najp\u00f3\u017aniej w po\u0142owie stycznia, na pocz\u0105tku lutego. Tak si\u0119 jednak nie sta\u0142o. Musieli\u015bmy szuka\u0107 alternatyw. Te znalaz\u0142y si\u0119 do\u015b\u0107 szybko. Dwie kolejki rozegrali\u015bmy pod balonem przy stadionie, a naszym nowym domem sta\u0142 si\u0119 obiekt na D\u0119bcu, gdzie rozpocz\u0119li\u015bmy cotygodniowe granie. Uda\u0142o si\u0119 nawet pozyska\u0107 dodatkowy, czwartkowy termin by przyspieszy\u0107 i tak op\u00f3\u017anione rozgrywki. Nadesz\u0142a jednak kolejna plaga. Silne wiatry. Balony, z kt\u00f3rych korzystali\u015bmy posypa\u0142y si\u0119 jak domki z kart. W przeci\u0105gu kilku godzin stracili\u015bmy dwa. Ten przy Bu\u0142garskiej, jak i ten na D\u0119bcu zosta\u0142y rozerwane przez wiatr. Postawienie nowych pow\u0142ok, co jest ca\u0142kowicie zrozumia\u0142e, nie wchodzi w gr\u0119. Dramat wszystkich trzech obiekt\u00f3w jest tak\u017ce naszym dramatem. Rozgrywki zimowej WL Ligi straci\u0142y wszystkie mo\u017cliwo\u015bci na kontynuowanie sezonu pod dachem, a sekcja pi\u0142karska Wiary Lecha na jaki\u015b czas straci\u0142a miejsce do trening\u00f3w.<\/p><p>Decyzj\u0119 w sprawie dalszej cz\u0119\u015bci sezonu podj\u0119li\u015bmy wsp\u00f3lnie z kapitanami dru\u017cyn. Zdecydowana wi\u0119kszo\u015b\u0107 by\u0142a za kontynuacj\u0105 sezonu na otwartych boiskach. Tak zako\u0144czymy t\u0105 edycj\u0119. Zdajemy sobie spraw\u0119, \u017ce wizerunkowo stracili\u015bmy wiele. Mo\u017cemy sobie wmawia\u0107, \u017ce nie mieli\u015bmy na to wp\u0142ywu, ale mimo wszystko obecna sytuacja, kt\u00f3ra nas dotkn\u0119\u0142a p\u00f3jdzie w \u015bwiat. Odbudowa b\u0119dzie ci\u0119\u017cka, ale wierzymy, \u017ce wsp\u00f3lnie z naszymi lojalnymi dru\u017cynami wr\u00f3cimy na w\u0142a\u015bciwe tory.<\/p><p>Rozgrywki zimowej WL Ligi odbywa\u0107 si\u0119 b\u0119d\u0105 na orliku przy Grunwaldzkiej oraz na boisku Centrum PLEK. W najbli\u017cszych dw\u00f3ch tygodniach b\u0119dziemy \u0142\u0105czy\u0107 gr\u0119 dw\u00f3ch sezon\u00f3w \u2013 zimowego i wiosennego. Mo\u017ce doj\u015b\u0107 do sytuacji, \u017ce w ci\u0105gu jednego dnia na jednym boisku odb\u0119d\u0105 si\u0119 mecze dw\u00f3ch r\u00f3\u017cnych edycji. O ewentualnych zmianach w terminarzu wiosennej edycji b\u0119dziemy informowa\u0107 na bie\u017c\u0105co.<\/p><\/blockquote>\n\n\n\n<h2 class=\"has-text-align-right wp-block-heading\" id=\"zarzad-stowarzyszenia-wiara-lecha\">Zarz\u0105d Stowarzyszenia Wiara Lecha<\/h2>\n","protected":false},"excerpt":{"rendered":"<p>Zimowa kampania WL Ligi w sezonie 2021\/22 zostanie doko\u0144czona. Decyzj\u0105 Organizatora i kapitan\u00f3w dru\u017cyn rozgrywki b\u0119d\u0105 kontynuowane na otwartych boiskach. Do dramatycznej sytuacji zwi\u0105zanej z obiektami odni\u00f3s\u0142 si\u0119 zarz\u0105d Wiary Lecha.<\/p>\n","protected":false},"author":2,"featured_media":19022,"comment_status":"closed","ping_status":"open","sticky":false,"template":"","format":"standard","meta":{"_jetpack_memberships_contains_paid_content":false,"footnotes":"","jetpack_publicize_message":"","jetpack_publicize_feature_enabled":true,"jetpack_social_post_already_shared":true,"jetpack_social_options":{"image_generator_settings":{"template":"highway","default_image_id":0,"font":"","enabled":false},"version":2}},"categories":[211],"tags":[],"class_list":["post-19020","post","type-post","status-publish","format-standard","has-post-thumbnail","hentry","category-komunikat"],"jetpack_publicize_connections":[],"jetpack_featured_media_url":"https:\/\/ligawl.pl\/wp-content\/uploads\/2022\/02\/1-DSC_1585.jpg","jetpack_sharing_enabled":true,"_links":{"self":[{"href":"https:\/\/ligawl.pl\/index.php\/wp-json\/wp\/v2\/posts\/19020","targetHints":{"allow":["GET"]}}],"collection":[{"href":"https:\/\/ligawl.pl\/index.php\/wp-json\/wp\/v2\/posts"}],"about":[{"href":"https:\/\/ligawl.pl\/index.php\/wp-json\/wp\/v2\/types\/post"}],"author":[{"embeddable":true,"href":"https:\/\/ligawl.pl\/index.php\/wp-json\/wp\/v2\/users\/2"}],"replies":[{"embeddable":true,"href":"https:\/\/ligawl.pl\/index.php\/wp-json\/wp\/v2\/comments?post=19020"}],"version-history":[{"count":3,"href":"https:\/\/ligawl.pl\/index.php\/wp-json\/wp\/v2\/posts\/19020\/revisions"}],"predecessor-version":[{"id":19024,"href":"https:\/\/ligawl.pl\/index.php\/wp-json\/wp\/v2\/posts\/19020\/revisions\/19024"}],"wp:featuredmedia":[{"embeddable":true,"href":"https:\/\/ligawl.pl\/index.php\/wp-json\/wp\/v2\/media\/19022"}],"wp:attachment":[{"href":"https:\/\/ligawl.pl\/index.php\/wp-json\/wp\/v2\/media?parent=19020"}],"wp:term":[{"taxonomy":"category","embeddable":true,"href":"https:\/\/ligawl.pl\/index.php\/wp-json\/wp\/v2\/categories?post=19020"},{"taxonomy":"post_tag","embeddable":true,"href":"https:\/\/ligawl.pl\/index.php\/wp-json\/wp\/v2\/tags?post=19020"}],"curies":[{"name":"wp","href":"https:\/\/api.w.org\/{rel}","templated":true}]}}