{"id":18853,"date":"2022-02-10T11:52:17","date_gmt":"2022-02-10T10:52:17","guid":{"rendered":"https:\/\/ligawl.pl\/?p=18853"},"modified":"2022-02-10T11:52:17","modified_gmt":"2022-02-10T10:52:17","slug":"plebiscyt-wl-ligi-manager-roku-nominacje","status":"publish","type":"post","link":"https:\/\/ligawl.pl\/index.php\/2022\/02\/10\/plebiscyt-wl-ligi-manager-roku-nominacje\/","title":{"rendered":"Plebiscyt WL Ligi: Manager roku \u2013 nominacje"},"content":{"rendered":"\n<h2 class=\"wp-block-heading\" id=\"jedna-z-najwazniejszych-rol-w-kazdej-druzynie-organizowanie-skladu-szukanie-wzmocnien-sponsorow-kontakt-z-koordynatorami-to-wszystko-nalezy-do-obowiazkow-managerow-czyli-w-glownej-mierze-kapitanow-druzyn-przed-wami-nominowani-w-kategorii-manager-roku\">Jedna z najwa\u017cniejszych r\u00f3l w ka\u017cdej dru\u017cynie. Organizowanie sk\u0142adu, szukanie wzmocnie\u0144, sponsor\u00f3w, kontakt z koordynatorami. To wszystko nale\u017cy do obowi\u0105zk\u00f3w manager\u00f3w, czyli w g\u0142\u00f3wnej mierze kapitan\u00f3w dru\u017cyn. Przed Wami nominowani w kategorii Manager Roku. <\/h2>\n\n\n\n<p>Wybra\u0107 trzech nominowanych w kategorii Manager Roku nie by\u0142o \u0142atwym wyzwaniem. Na WL Lidze os\u00f3b zaanga\u017cowanych przy dru\u017cynach jest mn\u00f3stwo. Skupili\u015bmy si\u0119 na kilku kryteriach. Najwa\u017cniejszym by\u0142 rozw\u00f3j, a w dalszej kolejno\u015bci sukcesy, kontakt z organizatorem, jako\u015b\u0107 sk\u0142adu czy te\u017c jego liczebno\u015b\u0107 podczas dnia meczowego. Wybrali\u015bmy trzech, naszym zdaniem najlepszych w ubieg\u0142ym roku. <\/p>\n\n\n\n<hr class=\"wp-block-separator\"\/>\n\n\n\n<div class=\"wp-block-image\"><figure class=\"aligncenter size-full is-resized\"><img loading=\"lazy\" decoding=\"async\" src=\"https:\/\/ligawl.pl\/wp-content\/uploads\/2022\/02\/png_20220210_104655_0000.png\" alt=\"\" class=\"wp-image-18858\" width=\"470\" height=\"394\" srcset=\"https:\/\/ligawl.pl\/wp-content\/uploads\/2022\/02\/png_20220210_104655_0000.png 940w, https:\/\/ligawl.pl\/wp-content\/uploads\/2022\/02\/png_20220210_104655_0000-300x251.png 300w, https:\/\/ligawl.pl\/wp-content\/uploads\/2022\/02\/png_20220210_104655_0000-768x644.png 768w, https:\/\/ligawl.pl\/wp-content\/uploads\/2022\/02\/png_20220210_104655_0000-128x107.png 128w, https:\/\/ligawl.pl\/wp-content\/uploads\/2022\/02\/png_20220210_104655_0000-32x27.png 32w\" sizes=\"auto, (max-width: 470px) 100vw, 470px\" \/><\/figure><\/div>\n\n\n\n<p><strong>Micha\u0142 Golak<\/strong> (transkrupka.pl) \u2013 poprzedni rok by\u0142 wymagaj\u0105cy dla Micha\u0142a Golaka, kt\u00f3rego zesp\u00f3\u0142 jesieni\u0105 odni\u00f3s\u0142 najwi\u0119kszy sukces w historii. Transkrupka.pl wygra\u0142a rywalizacj\u0119 na WL Lidze i zako\u0144czy\u0142a hegemoni\u0119 IKP Olimpii. Wiosn\u0105 obecni mistrzowie zgarn\u0119li dwa srebra (w lidze i w pucharze), dzi\u0119ki czemu awansowali do fina\u0142\u00f3w Pucharu Polski, kt\u00f3re by\u0142y rozgrywane w Warszawie. By\u0142 to sukces organizacyjny Golaka. Kapitan transkrupki.pl zorganizowa\u0142 wyjazd, podczas kt\u00f3rego \u00f3wczesnych wicemistrz\u00f3w reprezentowa\u0142, niestety bez sukces\u00f3w, silny sk\u0142ad. <\/p>\n\n\n\n<h4 class=\"wp-block-heading\" id=\"podsumowanie-osiagniec-mateusza-chmala\"><strong>Podsumowanie osi\u0105gni\u0119\u0107 Micha\u0142a Golaka<\/strong><\/h4>\n\n\n\n<p><strong>Indywidualne<\/strong><\/p>\n\n\n\n<ul class=\"wp-block-list\"><li>zarz\u0105dzanie dru\u017cyn\u0105 na poziomie 1. WL Ligi w sezonach Wiosna 2021 i Jesie\u0144 2021<\/li><li>zorganizowanie wyjazdu dru\u017cyny na Puchar Polski w pi\u0142ce no\u017cnej 6-osobowej do Warszawy<\/li><\/ul>\n\n\n\n<p><strong>Dru\u017cynowe<\/strong><\/p>\n\n\n\n<ul class=\"wp-block-list\"><li>mistrzostwo forBET 1. WL Ligi w sezonie Jesie\u0144 2021<\/li><li>wicemistrzostwo forBET 1. WL Ligi w sezonie Wiosna 2021<\/li><li>fina\u0142 Pucharu forBET WL Ligi w sezonie Wiosna 2021<\/li><li>trzecie miejsce w Pucharze forBET WL Ligi w sezonie Jesie\u0144 2021 <\/li><\/ul>\n\n\n\n<hr class=\"wp-block-separator\"\/>\n\n\n\n<div class=\"wp-block-image\"><figure class=\"aligncenter size-full is-resized\"><img loading=\"lazy\" decoding=\"async\" src=\"https:\/\/ligawl.pl\/wp-content\/uploads\/2022\/02\/20220206_191505_0000.png\" alt=\"\" class=\"wp-image-18859\" width=\"470\" height=\"394\" srcset=\"https:\/\/ligawl.pl\/wp-content\/uploads\/2022\/02\/20220206_191505_0000.png 940w, https:\/\/ligawl.pl\/wp-content\/uploads\/2022\/02\/20220206_191505_0000-300x251.png 300w, https:\/\/ligawl.pl\/wp-content\/uploads\/2022\/02\/20220206_191505_0000-768x644.png 768w, https:\/\/ligawl.pl\/wp-content\/uploads\/2022\/02\/20220206_191505_0000-128x107.png 128w, https:\/\/ligawl.pl\/wp-content\/uploads\/2022\/02\/20220206_191505_0000-32x27.png 32w\" sizes=\"auto, (max-width: 470px) 100vw, 470px\" \/><\/figure><\/div>\n\n\n\n<p><strong>Marcin Mytnik<\/strong> (Opal Stoczniowiec) \u2013 najwa\u017cniejsza osoba w szeregach Stoczniowca pracowa\u0142a przy zespole ca\u0142y rok, dzi\u0119ki czemu dru\u017cyna zagra\u0142a we wszystkich mo\u017cliwych rozgrywkach organizowanych przez Wiar\u0119 Lecha. Zesp\u00f3\u0142 utrzyma\u0142 drugoligowy status na otwartych boiskach, a pod balonem zosta\u0142 pierwszoligowcem. Najwi\u0119kszym sukcesem by\u0142 udany start w turnieju pami\u0119ci Pozna\u0144skiego Czerwca, kt\u00f3ry zako\u0144czy\u0142 si\u0119 wywalczeniem miejsca w najlepszej czw\u00f3rce. Kapitanowi dru\u017cyny uda\u0142o si\u0119 stworzy\u0107 solidn\u0105 dru\u017cyn\u0119, ale r\u00f3wnie\u017c znale\u017a\u0107 sponsora. <\/p>\n\n\n\n<h4 class=\"wp-block-heading\" id=\"podsumowanie-osiagniec-mateusza-chmala\"><strong>Podsumowanie osi\u0105gni\u0119\u0107 Marcina Mytnika<\/strong><\/h4>\n\n\n\n<p><strong>Indywidualne<\/strong><\/p>\n\n\n\n<ul class=\"wp-block-list\"><li>zarz\u0105dzanie dru\u017cyn\u0105 na poziomie 2. WL Ligi w sezonach Wiosna 2021 i Jesie\u0144 2021<\/li><li>zarz\u0105dzanie dru\u017cyn\u0105 podczas sezonu Zima 2020\/21 <\/li><li>zarz\u0105dzanie dru\u017cyn\u0105 na poziomie 1. WL Ligi podczas sezonu Zima 2021\/22<\/li><li>organizacja dru\u017cyny na turniej pami\u0119ci Pozna\u0144skiego Czerwca 1956<\/li><li>pozyskanie sponsora dla dru\u017cyny <\/li><\/ul>\n\n\n\n<p><strong>Dru\u017cynowe<\/strong><\/p>\n\n\n\n<ul class=\"wp-block-list\"><li>p\u00f3\u0142finalista turnieju pami\u0119ci Pozna\u0144skiego Czerwca 1956<\/li><li>awans do 1. WL Ligi w sezonie Zima 2020\/21<\/li><\/ul>\n\n\n\n<hr class=\"wp-block-separator\"\/>\n\n\n\n<div class=\"wp-block-image\"><figure class=\"aligncenter size-full is-resized\"><img loading=\"lazy\" decoding=\"async\" src=\"https:\/\/ligawl.pl\/wp-content\/uploads\/2022\/02\/png_20220210_104354_0000.png\" alt=\"\" class=\"wp-image-18857\" width=\"470\" height=\"394\" srcset=\"https:\/\/ligawl.pl\/wp-content\/uploads\/2022\/02\/png_20220210_104354_0000.png 940w, https:\/\/ligawl.pl\/wp-content\/uploads\/2022\/02\/png_20220210_104354_0000-300x251.png 300w, https:\/\/ligawl.pl\/wp-content\/uploads\/2022\/02\/png_20220210_104354_0000-768x644.png 768w, https:\/\/ligawl.pl\/wp-content\/uploads\/2022\/02\/png_20220210_104354_0000-128x107.png 128w, https:\/\/ligawl.pl\/wp-content\/uploads\/2022\/02\/png_20220210_104354_0000-32x27.png 32w\" sizes=\"auto, (max-width: 470px) 100vw, 470px\" \/><\/figure><\/div>\n\n\n\n<p><strong>Maciej W\u0119gelewski<\/strong> (Hurtownia.Fajerwerkowo.pl) \u2013 Z roku na rok zesp\u00f3\u0142 prowadzony przez Macieja W\u0119gelewskiego rozwija si\u0119 w kierunku pozostania jedn\u0105 z czo\u0142owych dru\u017cyn 1. WL Ligi. Podczas poprzedniego zimowego sezonu Pirotechnikom uda\u0142o si\u0119 wywalczy\u0107 awans do elity, a na otwartych boiskach przy okazji wiosennej edycji byli blisko wywalczenia przepustki do fina\u0142\u00f3w Mistrzostw Polski. Ostatecznie zaj\u0119li czwarte miejsce. Ta lokata by\u0142a przekle\u0144stwem Fajerwerkowa w pierwszym p\u00f3\u0142roczu. W marcu dru\u017cyna przegra\u0142a mecz o trzecie miejsce podczas ma\u0142ego fina\u0142u zimowego Pucharu WL Ligi. Jesie\u0144 przynios\u0142a ma\u0142e rozczarowanie, o kt\u00f3rym w szeregach \u017c\u00f3\u0142to-czarnych szybko zapomn\u0105, gdy\u017c po znakomitym starcie w zimowej edycji zesp\u00f3\u0142 prowadzony przez W\u0119gelewskiego jest na dobrej drodze do wywalczenia mistrzostwa. Kapitan stworzy\u0142 silny zesp\u00f3\u0142, kt\u00f3ry w swoich szeregach ma jednego z lepszych bramkarzy w elicie oraz bardzo du\u017c\u0105 si\u0142\u0119 ra\u017cenia w postaci bramkostrzelnych napastnik\u00f3w. <\/p>\n\n\n\n<h4 class=\"wp-block-heading\" id=\"podsumowanie-osiagniec-mateusza-chmala\"><strong>Podsumowanie osi\u0105gni\u0119\u0107 Macieja W\u0119gelewskiego<\/strong><\/h4>\n\n\n\n<p><strong>Indywidualne<\/strong><\/p>\n\n\n\n<ul class=\"wp-block-list\"><li>zarz\u0105dzanie dru\u017cyn\u0105 na poziomie 1. WL Ligi w sezonach Wiosna 2021 i Jesie\u0144 2021<\/li><li>zarz\u0105dzanie dru\u017cyn\u0105 podczas sezonu Zima 2020\/21 <\/li><li>zarz\u0105dzanie dru\u017cyn\u0105 na poziomie 1. WL Ligi podczas sezonu Zima 2021\/22<\/li><\/ul>\n\n\n\n<p><strong>Dru\u017cynowe<\/strong><\/p>\n\n\n\n<ul class=\"wp-block-list\"><li><span style=\"color: initial;\">awans do 1. WL Ligi w sezonie Zima 2020\/21<\/span><\/li><li>p\u00f3\u0142finalista Pucharu WL Ligi w sezonie Zima 2020\/21<\/li><\/ul>\n","protected":false},"excerpt":{"rendered":"<p>Jedna z najwa\u017cniejszych r\u00f3l w ka\u017cdej dru\u017cynie. Organizowanie sk\u0142adu, szukanie wzmocnie\u0144, sponsor\u00f3w, kontakt z koordynatorami. To wszystko nale\u017cy do obowi\u0105zk\u00f3w manager\u00f3w, czyli w g\u0142\u00f3wnej mierze kapitan\u00f3w dru\u017cyn. Przed Wami nominowani w kategorii Manager Roku. <\/p>\n","protected":false},"author":2,"featured_media":18861,"comment_status":"closed","ping_status":"open","sticky":false,"template":"","format":"standard","meta":{"_jetpack_memberships_contains_paid_content":false,"footnotes":"","jetpack_publicize_message":"","jetpack_publicize_feature_enabled":true,"jetpack_social_post_already_shared":true,"jetpack_social_options":{"image_generator_settings":{"template":"highway","default_image_id":0,"font":"","enabled":false},"version":2}},"categories":[212],"tags":[],"class_list":["post-18853","post","type-post","status-publish","format-standard","has-post-thumbnail","hentry","category-plebiscyt-wl-ligi"],"jetpack_publicize_connections":[],"jetpack_featured_media_url":"https:\/\/ligawl.pl\/wp-content\/uploads\/2022\/02\/210633686_202033718597717_3680628728721696442_n.jpg","jetpack_sharing_enabled":true,"_links":{"self":[{"href":"https:\/\/ligawl.pl\/index.php\/wp-json\/wp\/v2\/posts\/18853","targetHints":{"allow":["GET"]}}],"collection":[{"href":"https:\/\/ligawl.pl\/index.php\/wp-json\/wp\/v2\/posts"}],"about":[{"href":"https:\/\/ligawl.pl\/index.php\/wp-json\/wp\/v2\/types\/post"}],"author":[{"embeddable":true,"href":"https:\/\/ligawl.pl\/index.php\/wp-json\/wp\/v2\/users\/2"}],"replies":[{"embeddable":true,"href":"https:\/\/ligawl.pl\/index.php\/wp-json\/wp\/v2\/comments?post=18853"}],"version-history":[{"count":3,"href":"https:\/\/ligawl.pl\/index.php\/wp-json\/wp\/v2\/posts\/18853\/revisions"}],"predecessor-version":[{"id":18863,"href":"https:\/\/ligawl.pl\/index.php\/wp-json\/wp\/v2\/posts\/18853\/revisions\/18863"}],"wp:featuredmedia":[{"embeddable":true,"href":"https:\/\/ligawl.pl\/index.php\/wp-json\/wp\/v2\/media\/18861"}],"wp:attachment":[{"href":"https:\/\/ligawl.pl\/index.php\/wp-json\/wp\/v2\/media?parent=18853"}],"wp:term":[{"taxonomy":"category","embeddable":true,"href":"https:\/\/ligawl.pl\/index.php\/wp-json\/wp\/v2\/categories?post=18853"},{"taxonomy":"post_tag","embeddable":true,"href":"https:\/\/ligawl.pl\/index.php\/wp-json\/wp\/v2\/tags?post=18853"}],"curies":[{"name":"wp","href":"https:\/\/api.w.org\/{rel}","templated":true}]}}