{"id":18591,"date":"2022-01-19T14:44:47","date_gmt":"2022-01-19T13:44:47","guid":{"rendered":"https:\/\/ligawl.pl\/?p=18591"},"modified":"2022-01-19T14:44:47","modified_gmt":"2022-01-19T13:44:47","slug":"i-plebiscyt-wl-ligi-za-rok-2021","status":"publish","type":"post","link":"https:\/\/ligawl.pl\/index.php\/2022\/01\/19\/i-plebiscyt-wl-ligi-za-rok-2021\/","title":{"rendered":"I Plebiscyt WL Ligi za rok 2021"},"content":{"rendered":"\n<h2 class=\"wp-block-heading\">Podczas najbli\u017cszej gali, w trakcie kt\u00f3rej nagrodzeni zostan\u0105 najlepsi jesiennej edycji po raz pierwszy w historii rozgrywek poznamy wyniki I Plebiscytu WL Ligi za rok 2021.<\/h2>\n\n\n\n<p>Gala jesiennej kampanii WL Ligi odb\u0119dzie si\u0119 w lutym \u2013 w zale\u017cno\u015bci od sytuacji epidemicznej i ewentualnych obostrze\u0144 jej miejscem b\u0119dzie restauracja Podanie lub salka Stowarzyszenia Kibic\u00f3w Kolejorz. Nagrodzone zostan\u0105 najlepsze zespo\u0142y i zawodnicy poprzedniego sezonu rozgrywanego na otwartych boiskach. Do\u0142\u0105cz\u0105 do nich tak\u017ce wyr\u00f3\u017cnieni za ca\u0142y rok 2021.<\/p>\n\n\n\n<h4 class=\"wp-block-heading\">W ramach <strong>I Plebiscytu WL Ligi<\/strong> za rok 2021 nagrodzeni zostan\u0105<\/h4>\n\n\n\n<ul class=\"wp-block-list\"><li>Zawodnik Roku<\/li><li>Dru\u017cyna Roku<\/li><li>Menager Roku<\/li><li>Bramkarz Roku<\/li><li>S\u0119dzia roku \/ <em>nagroda imienia \u015ap. Micha\u0142a Gurajdowskiego<\/em><\/li><\/ul>\n\n\n\n<p>W ka\u017cdej z kategorii w najbli\u017cszym czasie poznamy trzech nominowanych, spo\u015br\u00f3d kt\u00f3rych zostan\u0105 wy\u0142onieni zwyci\u0119zcy. W czterech pierwszych kategoriach wyboru dokonaj\u0105 koordynatorzy i s\u0119dziowie. Najlepszego arbitra roku wybior\u0105 kapitanowie dru\u017cyn.<\/p>\n\n\n\n<p>Przyznana zostanie tak\u017ce nagroda specjalna, kt\u00f3r\u0105 wyr\u00f3\u017cniony zostanie menager, zawodnik lub dru\u017cyna. O tym kto j\u0105 otrzyma dowiemy si\u0119 na Gali WL Ligi.<\/p>\n\n\n\n<p>Nominacje w przeci\u0105gu najbli\u017cszych dni zostan\u0105 przedstawione na stronie internetowej oraz fanpage\u2019u WL Ligi.<\/p>\n","protected":false},"excerpt":{"rendered":"<p>Podczas najbli\u017cszej gali, w trakcie kt\u00f3rej nagrodzeni zostan\u0105 najlepsi jesiennej edycji po raz pierwszy w historii rozgrywek poznamy wyniki I Plebiscytu WL Ligi za rok 2021.<\/p>\n","protected":false},"author":2,"featured_media":18592,"comment_status":"closed","ping_status":"open","sticky":false,"template":"","format":"standard","meta":{"_jetpack_memberships_contains_paid_content":false,"footnotes":"","jetpack_publicize_message":"","jetpack_publicize_feature_enabled":true,"jetpack_social_post_already_shared":true,"jetpack_social_options":{"image_generator_settings":{"template":"highway","default_image_id":0,"font":"","enabled":false},"version":2}},"categories":[212],"tags":[],"class_list":["post-18591","post","type-post","status-publish","format-standard","has-post-thumbnail","hentry","category-plebiscyt-wl-ligi"],"jetpack_publicize_connections":[],"jetpack_featured_media_url":"https:\/\/ligawl.pl\/wp-content\/uploads\/2022\/01\/1-DSC_7155.jpg","jetpack_sharing_enabled":true,"_links":{"self":[{"href":"https:\/\/ligawl.pl\/index.php\/wp-json\/wp\/v2\/posts\/18591","targetHints":{"allow":["GET"]}}],"collection":[{"href":"https:\/\/ligawl.pl\/index.php\/wp-json\/wp\/v2\/posts"}],"about":[{"href":"https:\/\/ligawl.pl\/index.php\/wp-json\/wp\/v2\/types\/post"}],"author":[{"embeddable":true,"href":"https:\/\/ligawl.pl\/index.php\/wp-json\/wp\/v2\/users\/2"}],"replies":[{"embeddable":true,"href":"https:\/\/ligawl.pl\/index.php\/wp-json\/wp\/v2\/comments?post=18591"}],"version-history":[{"count":1,"href":"https:\/\/ligawl.pl\/index.php\/wp-json\/wp\/v2\/posts\/18591\/revisions"}],"predecessor-version":[{"id":18593,"href":"https:\/\/ligawl.pl\/index.php\/wp-json\/wp\/v2\/posts\/18591\/revisions\/18593"}],"wp:featuredmedia":[{"embeddable":true,"href":"https:\/\/ligawl.pl\/index.php\/wp-json\/wp\/v2\/media\/18592"}],"wp:attachment":[{"href":"https:\/\/ligawl.pl\/index.php\/wp-json\/wp\/v2\/media?parent=18591"}],"wp:term":[{"taxonomy":"category","embeddable":true,"href":"https:\/\/ligawl.pl\/index.php\/wp-json\/wp\/v2\/categories?post=18591"},{"taxonomy":"post_tag","embeddable":true,"href":"https:\/\/ligawl.pl\/index.php\/wp-json\/wp\/v2\/tags?post=18591"}],"curies":[{"name":"wp","href":"https:\/\/api.w.org\/{rel}","templated":true}]}}