{"id":16638,"date":"2021-08-18T09:08:00","date_gmt":"2021-08-18T07:08:00","guid":{"rendered":"https:\/\/ligawl.pl\/?p=16638"},"modified":"2021-08-18T15:07:07","modified_gmt":"2021-08-18T13:07:07","slug":"ruszyla-walka-o-ligowe-punkty","status":"publish","type":"post","link":"https:\/\/ligawl.pl\/index.php\/2021\/08\/18\/ruszyla-walka-o-ligowe-punkty\/","title":{"rendered":"Ruszy\u0142a walka o ligowe punkty"},"content":{"rendered":"\n<h2 class=\"wp-block-heading\">Pierwszego gola jesiennej edycji zdoby\u0142 Dariusz Mieczkowski ze Szturmowc\u00f3w. Pierwszy komplet punkt\u00f3w zgarn\u0119\u0142o Bistro Kopernik. We wtorkowy wiecz\u00f3r ruszy\u0142a ligowa jesie\u0144. <\/h2>\n\n\n\n<h3 class=\"wp-block-heading\">forBET 2. WL Liga: Pasmo pora\u017cek prze\u0142amane <\/h3>\n\n\n\n<p>Na start drugoligowych rozgrywek Pocztowe Krwinki podzieli\u0142y si\u0119 punktami z Magicznym \u015awiatem. Krwiodawcy powr\u00f3cili na zaplecze elity po czterech latach przerwy i prze\u0142amali seri\u0119 16. pora\u017cek z rz\u0119du na tym poziomie rozgrywkowym. Dwukrotnie na prowadzenie wychodzi\u0142 Magiczny \u015awiat, ale dwukrotnie skutecznie odpowiada\u0142 Adam Jankowski. Strzelanie rozpocz\u0105\u0142 w 2 min Damian Zaj\u0105czkowski, a zako\u0144czy\u0142 je sze\u015b\u0107 minut przed ko\u0144cowym gwizdkiem najlepszy strzelec beniaminka w zesz\u0142ym sezonie. <\/p>\n\n\n\n<p><strong>Pocztowe Krwinki &#8211; Magiczny \u015awiat 2:2 (1:2)<\/strong><\/p>\n\n\n\n<p><img loading=\"lazy\" decoding=\"async\" width=\"15\" height=\"13\" class=\"wp-image-61\" style=\"width: 15px;\" src=\"https:\/\/ligawl.pl\/wp-content\/uploads\/2020\/03\/Pi\u0142ka_no\u017cna-e1587111359729.png\" alt=\"\"> 8&#8242; 34&#8242; Adam Jankowski &#8211; 2&#8242; Damian Zaj\u0105czkowski, 20&#8242; Tomasz Pilarczyk<br><img loading=\"lazy\" decoding=\"async\" width=\"12\" height=\"16\" class=\"wp-image-63\" style=\"width: 12px;\" src=\"https:\/\/ligawl.pl\/wp-content\/uploads\/2020\/03\/lta_kartka-e1599416882471.png\" alt=\"\"> Bartosz Lasota, Tomasz Pilarczyk (obaj Magiczny \u015awiat)<br><img loading=\"lazy\" decoding=\"async\" width=\"15\" height=\"20\" class=\"wp-image-62\" style=\"width: 15px;\" src=\"https:\/\/ligawl.pl\/wp-content\/uploads\/2020\/03\/Zawodnik_meczu-e1587111403576.png\" alt=\"\"> Adam Jankowski (Pocztowe Krwinki)<\/p>\n\n\n\n<h3 class=\"wp-block-heading\">forBET 3. WL Liga: Trzy komplety trzech beniamink\u00f3w <\/h3>\n\n\n\n<p>Pierwszy jesienny mecz o ligowe punkty rozegrali zawodnicy Diadala i Szturmowc\u00f3w. Zako\u0144czy\u0142 si\u0119 on podzia\u0142em punkt\u00f3w, a o wyniku zadecydowali kapitanowie obu dru\u017cyn. Premierowego gola jesieni zdoby\u0142 Dariusz Mieczkowski, kt\u00f3ry w 2 min pokona\u0142 golkipera Diadala. Cztery minuty p\u00f3\u017aniej pad\u0142o wyr\u00f3wnanie, a na list\u0119 strzelc\u00f3w wpisa\u0142 si\u0119 Bartosz J\u00f3\u017awiak. Po szybko strzelonych bramkach zawodnicy obu zespo\u0142\u00f3w nie potrafili ju\u017c powi\u0119kszy\u0107 dorobku. Mecz zako\u0144czy\u0142 si\u0119 remisem 1:1. <\/p>\n\n\n\n<p>W kolejnych trzecioligowych pojedynkach ogl\u0105dali\u015bmy beniamink\u00f3w, kt\u00f3rych rywalami by\u0142y zespo\u0142y wyst\u0119puj\u0105ce wiosn\u0105, jak i we wcze\u015bniejszych edycjach. Do rozgrywek po kilku latach przerwy powr\u00f3ci\u0142o Bistro Kopernik, w poprzednich latach graj\u0105ce po szyldem GRU i mateco Grunwald. Ostatni raz na boiskach WL Ligi zawodnicy tej dru\u017cyny grali w sezonie Wiosna 2018, kiedy wyst\u0119powali w najwy\u017cszej klasie rozgrywkowej. Powr\u00f3t by\u0142 efektowny, gdy\u017c zako\u0144czy\u0142 si\u0119 zwyci\u0119stwem 8:4. Do przerwy lepszy by\u0142 Atmosferi\u0107, kt\u00f3ry do 13 min wygrywa\u0142 3:0. Na kolejnego gola czeka\u0142 do 34 min, gdy po raz trzeci do siatki trafi\u0142 Marek Sanok. By\u0142a to bramka kontaktowa. Wcze\u015bniej hattrickiem popisa\u0142 si\u0119 Patryk Schulz, kt\u00f3ry w 33 min wyprowadzi\u0142 Bistro na dwubramkowe prowadzenie. Po stracie czwartego gola beniaminek z Kopernika przypiecz\u0119towa\u0142 wygran\u0105 trzema trafieniami. <\/p>\n\n\n\n<p>Powr\u00f3t zanotowa\u0142o kilku zawodnik\u00f3w Peaky Blinders, kt\u00f3rzy postanowili powr\u00f3ci\u0107 na WL Lid\u0119 pod nazw\u0105 Emeritos Galaktikos. Pierwsze skrzypce w szeregach beniaminka zagra\u0142o jednak dw\u00f3ch by\u0142ych graczy Inter City &#8211; \u0141ukasz Lekier i Sebastian Iwi\u0144ski. Obaj zdobyli \u0142\u0105cznie pi\u0119\u0107 bramek i przyczynili si\u0119 do zwyci\u0119stwa 7:3 nad KKS Po\u0142udnie. <\/p>\n\n\n\n<p>Absolutny debiut zanotowa\u0142y zespo\u0142y FC Colquimica i Nieruchomo\u015bci K\u0119dziora K\u00f3rnik. Ci pierwsi okazali si\u0119 minimalnie lepsi od Los Amarillos wygrywaj\u0105c 3:2. Wynik potyczki zosta\u0142 ustalony jeszcze przed przerw\u0105. Colquimica wygrywa\u0142a od 4 min, a pi\u0119\u0107 minut przed zej\u015bciem na przerw\u0119 osi\u0105gn\u0119\u0142a dwubramkow\u0105 przewag\u0119. W ostatniej minucie pierwszej ods\u0142ony gola kontaktowego zdoby\u0142 Grzegorz Silski, ale by\u0142 to zarazem koniec strzelania w tym spotkaniu. Pechowy debiut maj\u0105 za sob\u0105 Nieruchomo\u015bci K\u0119dziora. Pojedynek z Byczkami zako\u0144czy\u0142 si\u0119 wysok\u0105 przegran\u0105 1:6, ale te\u017c strat\u0105 dw\u00f3ch zawodnik\u00f3w, kt\u00f3rzy z powa\u017cnymi urazami musieli opu\u015bci\u0107 plac gry. Zesp\u00f3\u0142 z K\u00f3rnika w drugiej po\u0142owie musia\u0142 sobie radzi\u0107 bez jednego gracza. Byczki wykorzysta\u0142y przewag\u0119 i graj\u0105c w przewadze przechyli\u0142y szal\u0119 na swoj\u0105 korzy\u015b\u0107. By\u0142o to pierwsze, historyczne zwyci\u0119stwo tej dru\u017cyny na WL Lidze, w kt\u00f3rej wyst\u0119puj\u0105 od tegorocznej wiosennej edycji. <\/p>\n\n\n\n<p><strong>Diadal &#8211; Szturmowcy 1:1 (1:1)<\/strong><\/p>\n\n\n\n<p><img loading=\"lazy\" decoding=\"async\" width=\"15\" height=\"13\" class=\"wp-image-61\" style=\"width: 15px;\" src=\"https:\/\/ligawl.pl\/wp-content\/uploads\/2020\/03\/Pi\u0142ka_no\u017cna-e1587111359729.png\" alt=\"\"> 6&#8242; Bartosz J\u00f3\u017awiak &#8211; 2&#8242; Dariusz Mieczkowski<br><img loading=\"lazy\" decoding=\"async\" width=\"12\" height=\"16\" class=\"wp-image-63\" style=\"width: 12px;\" src=\"https:\/\/ligawl.pl\/wp-content\/uploads\/2020\/03\/lta_kartka-e1599416882471.png\" alt=\"\"> Mateusz Wa\u0144czyk (Diadal)<br><img loading=\"lazy\" decoding=\"async\" width=\"15\" height=\"20\" class=\"wp-image-62\" style=\"width: 15px;\" src=\"https:\/\/ligawl.pl\/wp-content\/uploads\/2020\/03\/Zawodnik_meczu-e1587111403576.png\" alt=\"\">  Dariusz Mieczkowski (Szturmowcy)<\/p>\n\n\n\n<p><strong>Bistro Kopernik<\/strong> <strong>&#8211; FC Atmosferi\u0107 8:4 (2:3)<\/strong><\/p>\n\n\n\n<p><img loading=\"lazy\" decoding=\"async\" width=\"15\" height=\"13\" class=\"wp-image-61\" style=\"width: 15px;\" src=\"https:\/\/ligawl.pl\/wp-content\/uploads\/2020\/03\/Pi\u0142ka_no\u017cna-e1587111359729.png\" alt=\"\"> 19&#8242; 28&#8242; 33&#8242; Patryk Schulz, 17&#8242; 39&#8242; Krzysztof Grupa, 30&#8242; Pawe\u0142 Wawrzyniak, 35&#8242; Tadeusz Napiera\u0142a (samob.), 38&#8242; Daniel Skibi\u0144ski &#8211; 7&#8242; 13&#8242; 34&#8242; Marek Sanok, 9&#8242; Jakub J\u00f3\u017awiak<br><img loading=\"lazy\" decoding=\"async\" width=\"15\" height=\"20\" class=\"wp-image-62\" style=\"width: 15px;\" src=\"https:\/\/ligawl.pl\/wp-content\/uploads\/2020\/03\/Zawodnik_meczu-e1587111403576.png\" alt=\"\"> Patryk Schulz (Bistro Kopernik)<\/p>\n\n\n\n<p><strong>KKS Po\u0142udnie &#8211; Emeritos Galaktikos 3:7 (1:2)<\/strong><\/p>\n\n\n\n<p><img loading=\"lazy\" decoding=\"async\" width=\"15\" height=\"13\" class=\"wp-image-61\" style=\"width: 15px;\" src=\"https:\/\/ligawl.pl\/wp-content\/uploads\/2020\/03\/Pi\u0142ka_no\u017cna-e1587111359729.png\" alt=\"\"> 7&#8242; 34&#8242; Jaros\u0142aw Primka, 31&#8242; Robert Nadratowski &#8211; 22&#8242; 36&#8242; 38&#8242; \u0141ukasz Lekier, 7&#8242; 40&#8242; Sebastian Iwi\u0144ski, 11&#8242; Przemys\u0142aw Szumski, 32&#8242; Jakub Jarmuszkiewicz<br><img loading=\"lazy\" decoding=\"async\" width=\"12\" height=\"16\" class=\"wp-image-63\" style=\"width: 12px;\" src=\"https:\/\/ligawl.pl\/wp-content\/uploads\/2020\/03\/lta_kartka-e1599416882471.png\" alt=\"\"> Piotr Adamczak (Emeritos Galaktikos)<br><img loading=\"lazy\" decoding=\"async\" width=\"15\" height=\"20\" class=\"wp-image-62\" style=\"width: 15px;\" src=\"https:\/\/ligawl.pl\/wp-content\/uploads\/2020\/03\/Zawodnik_meczu-e1587111403576.png\" alt=\"\"> \u0141ukasz Lekier (Emeritos Galaktikos)<\/p>\n\n\n\n<p><strong>FC Colquimica &#8211; Los Amarillos 3:2 (3:2)<\/strong><\/p>\n\n\n\n<p><img loading=\"lazy\" decoding=\"async\" width=\"15\" height=\"13\" class=\"wp-image-61\" style=\"width: 15px;\" src=\"https:\/\/ligawl.pl\/wp-content\/uploads\/2020\/03\/Pi\u0142ka_no\u017cna-e1587111359729.png\" alt=\"\"> 4&#8242; Pedro Alves, 14&#8242; Vitor Sousa, 15&#8242; Jacek Mazur &#8211; 13&#8242; Dariusz R\u0119ko\u015b, 20&#8242; Grzegorz Silski<br><img loading=\"lazy\" decoding=\"async\" width=\"15\" height=\"20\" class=\"wp-image-62\" style=\"width: 15px;\" src=\"https:\/\/ligawl.pl\/wp-content\/uploads\/2020\/03\/Zawodnik_meczu-e1587111403576.png\" alt=\"\"> Adam Weiss (FC Colquimica)<\/p>\n\n\n\n<p><strong>Nieruchomo\u015bci K\u0119dziora K\u00f3rnik &#8211; Byczki 1:6 (1:1)<\/strong><\/p>\n\n\n\n<p><img loading=\"lazy\" decoding=\"async\" width=\"15\" height=\"13\" class=\"wp-image-61\" style=\"width: 15px;\" src=\"https:\/\/ligawl.pl\/wp-content\/uploads\/2020\/03\/Pi\u0142ka_no\u017cna-e1587111359729.png\" alt=\"\"> 2&#8242; Piotr \u015aramski &#8211; 36&#8242; 40&#8242; Maciej Anglart, 1&#8242; Przemys\u0142aw Ha\u0142asi\u0144ski, 27&#8242; Kacper Barwik, 34&#8242; Julian Kuczkowski, 37&#8242; Filip Korczy\u0144ski<br><img loading=\"lazy\" decoding=\"async\" width=\"12\" height=\"16\" class=\"wp-image-63\" style=\"width: 12px;\" src=\"https:\/\/ligawl.pl\/wp-content\/uploads\/2020\/03\/lta_kartka-e1599416882471.png\" alt=\"\"> Przemys\u0142aw Ha\u0142asi\u0144ski (Byczki)<br><img loading=\"lazy\" decoding=\"async\" width=\"15\" height=\"20\" class=\"wp-image-62\" style=\"width: 15px;\" src=\"https:\/\/ligawl.pl\/wp-content\/uploads\/2020\/03\/Zawodnik_meczu-e1587111403576.png\" alt=\"\"> Maciej Anglart (Byczki)<\/p>\n","protected":false},"excerpt":{"rendered":"<p>Pierwszego gola jesiennej edycji zdoby\u0142 Dariusz Mieczkowski ze Szturmowc\u00f3w. Pierwszy komplet punkt\u00f3w zgarn\u0119\u0142o Bistro Kopernik. We wtorkowy wiecz\u00f3r ruszy\u0142a ligowa jesie\u0144. <\/p>\n","protected":false},"author":2,"featured_media":15032,"comment_status":"closed","ping_status":"open","sticky":false,"template":"","format":"standard","meta":{"_jetpack_memberships_contains_paid_content":false,"footnotes":"","jetpack_publicize_message":"","jetpack_publicize_feature_enabled":true,"jetpack_social_post_already_shared":true,"jetpack_social_options":{"image_generator_settings":{"template":"highway","default_image_id":0,"font":"","enabled":false},"version":2}},"categories":[186],"tags":[],"class_list":["post-16638","post","type-post","status-publish","format-standard","has-post-thumbnail","hentry","category-relacja-z-meczow"],"jetpack_publicize_connections":[],"jetpack_featured_media_url":"https:\/\/ligawl.pl\/wp-content\/uploads\/2021\/05\/1-DSC_4509.jpg","jetpack_sharing_enabled":true,"_links":{"self":[{"href":"https:\/\/ligawl.pl\/index.php\/wp-json\/wp\/v2\/posts\/16638","targetHints":{"allow":["GET"]}}],"collection":[{"href":"https:\/\/ligawl.pl\/index.php\/wp-json\/wp\/v2\/posts"}],"about":[{"href":"https:\/\/ligawl.pl\/index.php\/wp-json\/wp\/v2\/types\/post"}],"author":[{"embeddable":true,"href":"https:\/\/ligawl.pl\/index.php\/wp-json\/wp\/v2\/users\/2"}],"replies":[{"embeddable":true,"href":"https:\/\/ligawl.pl\/index.php\/wp-json\/wp\/v2\/comments?post=16638"}],"version-history":[{"count":6,"href":"https:\/\/ligawl.pl\/index.php\/wp-json\/wp\/v2\/posts\/16638\/revisions"}],"predecessor-version":[{"id":16660,"href":"https:\/\/ligawl.pl\/index.php\/wp-json\/wp\/v2\/posts\/16638\/revisions\/16660"}],"wp:featuredmedia":[{"embeddable":true,"href":"https:\/\/ligawl.pl\/index.php\/wp-json\/wp\/v2\/media\/15032"}],"wp:attachment":[{"href":"https:\/\/ligawl.pl\/index.php\/wp-json\/wp\/v2\/media?parent=16638"}],"wp:term":[{"taxonomy":"category","embeddable":true,"href":"https:\/\/ligawl.pl\/index.php\/wp-json\/wp\/v2\/categories?post=16638"},{"taxonomy":"post_tag","embeddable":true,"href":"https:\/\/ligawl.pl\/index.php\/wp-json\/wp\/v2\/tags?post=16638"}],"curies":[{"name":"wp","href":"https:\/\/api.w.org\/{rel}","templated":true}]}}