{"id":16598,"date":"2021-08-16T11:13:14","date_gmt":"2021-08-16T09:13:14","guid":{"rendered":"https:\/\/ligawl.pl\/?p=16598"},"modified":"2021-08-16T11:13:14","modified_gmt":"2021-08-16T09:13:14","slug":"baraz-odwolany-2","status":"publish","type":"post","link":"https:\/\/ligawl.pl\/index.php\/2021\/08\/16\/baraz-odwolany-2\/","title":{"rendered":"Bara\u017c odwo\u0142any"},"content":{"rendered":"\n<h2 class=\"wp-block-heading\">W jesiennej edycji forBET WL Ligi zabraknie Mechanicznej Pomara\u0144czy. Dru\u017cyna wys\u0142a\u0142a swoj\u0105 rezygnacj\u0119 z rozgrywek kilkana\u015bcie godzin przed bara\u017cem o pierwsz\u0105 lig\u0119. Zosta\u0142 on odwo\u0142any, a obie dru\u017cyny, kt\u00f3re mia\u0142y zagra\u0107 w ostatnim poniedzia\u0142kowym spotkaniu otrzyma\u0142y status pierwszoligowca. <\/h2>\n\n\n\n<p>Pierwszy sezon w elicie Mechaniczna Pomara\u0144cza zako\u0144czy\u0142a spadkiem do drugiej ligi, z kt\u00f3rej wyrwa\u0142a si\u0119 na koniec zesz\u0142ego roku. Druga, pierwszoligowa1 kampania by\u0142a ju\u017c zdecydowanie lepsza. Pomara\u0144czowo-czarni wygrali grup\u0119 spadkow\u0105, a napastnik &#8211; Miko\u0142aj Daszkiewicz zgarn\u0105\u0142 koron\u0119 kr\u00f3la strzelc\u00f3w. Kilkadziesi\u0105t dni p\u00f3\u017aniej Mechaniczna w wyniku problem\u00f3w kadrowych zrezygnowa\u0142a z dalszej gry. <\/p>\n\n\n\n<p>Na wycofaniu pomara\u0144czowych zyska\u0142o kilka zespo\u0142\u00f3w. Pobiedziki utrzyma\u0142y si\u0119 w elicie bez konieczno\u015bci gry w bara\u017cu, Evertec wywalczy\u0142 historyczny awans do najwy\u017cszej klasy rozgrywkowej, a na koniec \u0142a\u0144cucha zmian i przetasowa\u0144 Je\u017cyckie Kozio\u0142ki otrzyma\u0142y prawo gry w drugiej lidze. Miejsce tej ostatniej ekipy w trzeciej lidze zajmie Dom Wydawniczy Rebis.<\/p>\n","protected":false},"excerpt":{"rendered":"<p>W jesiennej edycji forBET WL Ligi zabraknie Mechanicznej Pomara\u0144czy. Dru\u017cyna wys\u0142a\u0142a swoj\u0105 rezygnacj\u0119 z rozgrywek kilkana\u015bcie godzin przed bara\u017cem o pierwsz\u0105 lig\u0119. Zosta\u0142 on odwo\u0142any, a obie dru\u017cyny, kt\u00f3re mia\u0142y zagra\u0107 w ostatnim poniedzia\u0142kowym spotkaniu otrzyma\u0142y status pierwszoligowca. <\/p>\n","protected":false},"author":2,"featured_media":16461,"comment_status":"closed","ping_status":"open","sticky":false,"template":"","format":"standard","meta":{"_jetpack_memberships_contains_paid_content":false,"footnotes":"","jetpack_publicize_message":"","jetpack_publicize_feature_enabled":true,"jetpack_social_post_already_shared":true,"jetpack_social_options":{"image_generator_settings":{"template":"highway","default_image_id":0,"font":"","enabled":false},"version":2}},"categories":[203],"tags":[],"class_list":["post-16598","post","type-post","status-publish","format-standard","has-post-thumbnail","hentry","category-playoff"],"jetpack_publicize_connections":[],"jetpack_featured_media_url":"https:\/\/ligawl.pl\/wp-content\/uploads\/2021\/08\/1-DSC_1576.jpg","jetpack_sharing_enabled":true,"_links":{"self":[{"href":"https:\/\/ligawl.pl\/index.php\/wp-json\/wp\/v2\/posts\/16598","targetHints":{"allow":["GET"]}}],"collection":[{"href":"https:\/\/ligawl.pl\/index.php\/wp-json\/wp\/v2\/posts"}],"about":[{"href":"https:\/\/ligawl.pl\/index.php\/wp-json\/wp\/v2\/types\/post"}],"author":[{"embeddable":true,"href":"https:\/\/ligawl.pl\/index.php\/wp-json\/wp\/v2\/users\/2"}],"replies":[{"embeddable":true,"href":"https:\/\/ligawl.pl\/index.php\/wp-json\/wp\/v2\/comments?post=16598"}],"version-history":[{"count":1,"href":"https:\/\/ligawl.pl\/index.php\/wp-json\/wp\/v2\/posts\/16598\/revisions"}],"predecessor-version":[{"id":16599,"href":"https:\/\/ligawl.pl\/index.php\/wp-json\/wp\/v2\/posts\/16598\/revisions\/16599"}],"wp:featuredmedia":[{"embeddable":true,"href":"https:\/\/ligawl.pl\/index.php\/wp-json\/wp\/v2\/media\/16461"}],"wp:attachment":[{"href":"https:\/\/ligawl.pl\/index.php\/wp-json\/wp\/v2\/media?parent=16598"}],"wp:term":[{"taxonomy":"category","embeddable":true,"href":"https:\/\/ligawl.pl\/index.php\/wp-json\/wp\/v2\/categories?post=16598"},{"taxonomy":"post_tag","embeddable":true,"href":"https:\/\/ligawl.pl\/index.php\/wp-json\/wp\/v2\/tags?post=16598"}],"curies":[{"name":"wp","href":"https:\/\/api.w.org\/{rel}","templated":true}]}}