{"id":14664,"date":"2021-03-31T22:03:49","date_gmt":"2021-03-31T20:03:49","guid":{"rendered":"https:\/\/ligawl.pl\/?p=14664"},"modified":"2021-03-31T22:17:53","modified_gmt":"2021-03-31T20:17:53","slug":"wl-liga-w-superlidze6","status":"publish","type":"post","link":"https:\/\/ligawl.pl\/index.php\/2021\/03\/31\/wl-liga-w-superlidze6\/","title":{"rendered":"WL Liga w Superlidze6"},"content":{"rendered":"\n<h2 class=\"wp-block-heading\">WL Liga do\u0142\u0105czy\u0142a do og\u00f3lnopolskiej ligi sz\u00f3stek pi\u0142karskich \u2013 Superliga6. Mistrz wiosennej edycji wyst\u0105pi w fina\u0142ach Mistrzostw Polski, natomiast zdobywca Pucharu WL Ligi b\u0119dzie mia\u0142 okazj\u0119 zagra\u0107 o Puchar Polski.<\/h2>\n\n\n\n<p>Turnieje o Mistrzostwo Polski i Puchar Polski w pi\u0142ce no\u017cnej sze\u015bcioosobowej zostan\u0105 rozegrane w pierwszy weekend lipca w Warszawie. Najlepszy zesp\u00f3\u0142 Puchar WL Ligi zagra o trofeum w sobot\u0119, 3 lipca. Dzie\u0144 p\u00f3\u017aniej mistrz WL Ligi stanie do rywalizacji o tytu\u0142 Mistrza Polski. Oba te turnieje odb\u0119d\u0105 si\u0119 na boisku ze sztuczn\u0105 nawierzchni\u0105 Bemowskiego O\u015brodka Pi\u0142ki No\u017cnej.<\/p>\n\n\n\n<p>Opr\u00f3cz walki o prymat w Polsce najlepsze dru\u017cyny amatorskich lig sz\u00f3stek zagraj\u0105 o miejsca w rozgrywkach Europejskiej Federacji Minifutbolu: Lidze Mistrz\u00f3w (EMF Champions League) i Pucharze Europy (EMF EuroCup).<\/p>\n\n\n\n<p>W zwi\u0105zku z gr\u0105 Mistrza WL Ligi w Mistrzostwach Polski rozgrywki 1. WL Ligi (faza zasadnicza i faza fina\u0142owa grupy mistrzowskiej) b\u0119d\u0105 musia\u0142y zako\u0144czy\u0107 si\u0119 maksymalnie do niedzieli 20 czerwca. Fina\u0142y Pucharu WL Ligi b\u0119d\u0105 musia\u0142y odby\u0107 si\u0119 najp\u00f3\u017aniej do soboty, 19 czerwca.<\/p>\n\n\n\n<p>Wi\u0119cej o Superplidze6 \u2013 kliknij <a href=\"https:\/\/www.superliga6.pl\" target=\"_blank\" rel=\"noreferrer noopener\">TUTAJ<\/a><br>Polub Superlig\u01196 na fb \u2013 kliknij <a href=\"https:\/\/www.facebook.com\/superliga6\" target=\"_blank\" rel=\"noreferrer noopener\">TUTAJ<\/a><\/p>\n","protected":false},"excerpt":{"rendered":"<p>WL Liga od sezonu 2020\/21 do\u0142\u0105czy\u0142a do og\u00f3lnopolskiej ligi sz\u00f3stek pi\u0142karskich \u2013 Superpliga6. Mistrz wiosennej edycji wyst\u0105pi w fina\u0142ach Mistrzostw Polski, natomiast zdobywca Pucharu WL Ligi b\u0119dzie mia\u0142 okazj\u0119 zagra\u0107 o Puchar Polski.<\/p>\n","protected":false},"author":2,"featured_media":14672,"comment_status":"open","ping_status":"open","sticky":false,"template":"","format":"standard","meta":{"_jetpack_memberships_contains_paid_content":false,"footnotes":"","jetpack_publicize_message":"","jetpack_publicize_feature_enabled":true,"jetpack_social_post_already_shared":false,"jetpack_social_options":{"image_generator_settings":{"template":"highway","default_image_id":0,"font":"","enabled":false},"version":2}},"categories":[10],"tags":[],"class_list":["post-14664","post","type-post","status-publish","format-standard","has-post-thumbnail","hentry","category-liga"],"jetpack_publicize_connections":[],"jetpack_featured_media_url":"https:\/\/ligawl.pl\/wp-content\/uploads\/2021\/03\/Superliga6_info-kopia.png","jetpack_sharing_enabled":true,"_links":{"self":[{"href":"https:\/\/ligawl.pl\/index.php\/wp-json\/wp\/v2\/posts\/14664","targetHints":{"allow":["GET"]}}],"collection":[{"href":"https:\/\/ligawl.pl\/index.php\/wp-json\/wp\/v2\/posts"}],"about":[{"href":"https:\/\/ligawl.pl\/index.php\/wp-json\/wp\/v2\/types\/post"}],"author":[{"embeddable":true,"href":"https:\/\/ligawl.pl\/index.php\/wp-json\/wp\/v2\/users\/2"}],"replies":[{"embeddable":true,"href":"https:\/\/ligawl.pl\/index.php\/wp-json\/wp\/v2\/comments?post=14664"}],"version-history":[{"count":3,"href":"https:\/\/ligawl.pl\/index.php\/wp-json\/wp\/v2\/posts\/14664\/revisions"}],"predecessor-version":[{"id":14673,"href":"https:\/\/ligawl.pl\/index.php\/wp-json\/wp\/v2\/posts\/14664\/revisions\/14673"}],"wp:featuredmedia":[{"embeddable":true,"href":"https:\/\/ligawl.pl\/index.php\/wp-json\/wp\/v2\/media\/14672"}],"wp:attachment":[{"href":"https:\/\/ligawl.pl\/index.php\/wp-json\/wp\/v2\/media?parent=14664"}],"wp:term":[{"taxonomy":"category","embeddable":true,"href":"https:\/\/ligawl.pl\/index.php\/wp-json\/wp\/v2\/categories?post=14664"},{"taxonomy":"post_tag","embeddable":true,"href":"https:\/\/ligawl.pl\/index.php\/wp-json\/wp\/v2\/tags?post=14664"}],"curies":[{"name":"wp","href":"https:\/\/api.w.org\/{rel}","templated":true}]}}