{"id":14616,"date":"2021-03-20T11:18:16","date_gmt":"2021-03-20T10:18:16","guid":{"rendered":"https:\/\/ligawl.pl\/?p=14616"},"modified":"2021-03-20T11:22:00","modified_gmt":"2021-03-20T10:22:00","slug":"wiosenna-wl-liga-zawieszona-do-9-kwietnia","status":"publish","type":"post","link":"https:\/\/ligawl.pl\/index.php\/2021\/03\/20\/wiosenna-wl-liga-zawieszona-do-9-kwietnia\/","title":{"rendered":"Wiosenna WL Liga zawieszona do 9 kwietnia"},"content":{"rendered":"\n<h2 class=\"wp-block-heading\">Opublikowane wczoraj rozporz\u0105dzenie Rady Ministr\u00f3w z dnia 19 marca 2021 roku nie pozwala na organizacj\u0119 rozgrywek WL Ligi. W zwi\u0105zku z tym wiosenna edycja zosta\u0142a zawieszona do 9 kwietnia.<\/h2>\n\n\n\n<p>Dzie\u0144 99. urodzin Lecha Pozna\u0144 dla uczestnik\u00f3w WL Ligi nie by\u0142 radosny. Z jednej strony klub, kt\u00f3remu kibicuje zdecydowanie wi\u0119ksza cz\u0119\u015b\u0107 Wielkopolski obchodzi\u0142 wa\u017cn\u0105, bo ostatni\u0105 przez setn\u0105, rocznic\u0119 powstania, lecz z drugiej strony by\u0142 to dzie\u0144, w kt\u00f3rym \u017cegnamy si\u0119 z WL Lig\u0105 na okres przynajmniej trzech tygodni. Niestety ka\u017cdy wie, \u017ce pro\u015bby rz\u0105du \u017ceby\u015bmy &#8222;jeszcze wytrzymali&#8221; kolejne mityczne 14 dni mo\u017cna ju\u017c traktowa\u0107 nie z przymru\u017ceniem oka, ale jako dobry temat do stand-up&#8217;u. Wed\u0142ug rozporz\u0105dzenia wr\u00f3cimy do gry w niedziel\u0119 11 kwietnia. Czy to b\u0119dzie faktyczna data powrotu do gry dowiemy si\u0119 na konferencji, kt\u00f3ra zapewne b\u0119dzie zaplanowana w po\u015bwi\u0105teczn\u0105 \u015brod\u0119 lub czwartek.<\/p>\n\n\n\n<p>B\u0119dzie to trzecie zawieszenie rozgrywek. Pierwsze spowodowa\u0142o wyd\u0142u\u017cenie zesz\u0142orocznej wiosennej edycji do 4 sierpnia, drugie storpedowa\u0142o zimowy sezon, kt\u00f3ry nadal jest zawieszony. <\/p>\n","protected":false},"excerpt":{"rendered":"<p>Opublikowane wczoraj rozporz\u0105dzenie Rady Ministr\u00f3w z dnia 19 marca 2021 roku nie pozwala na organizacj\u0119 rozgrywek WL Ligi. W zwi\u0105zku z tym wiosenna edycja zosta\u0142a zawieszona do 9 kwietnia.<\/p>\n","protected":false},"author":2,"featured_media":12598,"comment_status":"open","ping_status":"open","sticky":false,"template":"","format":"standard","meta":{"_jetpack_memberships_contains_paid_content":false,"footnotes":"","jetpack_publicize_message":"","jetpack_publicize_feature_enabled":true,"jetpack_social_post_already_shared":false,"jetpack_social_options":{"image_generator_settings":{"template":"highway","default_image_id":0,"font":"","enabled":false},"version":2}},"categories":[10],"tags":[],"class_list":["post-14616","post","type-post","status-publish","format-standard","has-post-thumbnail","hentry","category-liga"],"jetpack_publicize_connections":[],"jetpack_featured_media_url":"https:\/\/ligawl.pl\/wp-content\/uploads\/2020\/10\/PSX_20201016_095136.jpg","jetpack_sharing_enabled":true,"_links":{"self":[{"href":"https:\/\/ligawl.pl\/index.php\/wp-json\/wp\/v2\/posts\/14616","targetHints":{"allow":["GET"]}}],"collection":[{"href":"https:\/\/ligawl.pl\/index.php\/wp-json\/wp\/v2\/posts"}],"about":[{"href":"https:\/\/ligawl.pl\/index.php\/wp-json\/wp\/v2\/types\/post"}],"author":[{"embeddable":true,"href":"https:\/\/ligawl.pl\/index.php\/wp-json\/wp\/v2\/users\/2"}],"replies":[{"embeddable":true,"href":"https:\/\/ligawl.pl\/index.php\/wp-json\/wp\/v2\/comments?post=14616"}],"version-history":[{"count":1,"href":"https:\/\/ligawl.pl\/index.php\/wp-json\/wp\/v2\/posts\/14616\/revisions"}],"predecessor-version":[{"id":14618,"href":"https:\/\/ligawl.pl\/index.php\/wp-json\/wp\/v2\/posts\/14616\/revisions\/14618"}],"wp:featuredmedia":[{"embeddable":true,"href":"https:\/\/ligawl.pl\/index.php\/wp-json\/wp\/v2\/media\/12598"}],"wp:attachment":[{"href":"https:\/\/ligawl.pl\/index.php\/wp-json\/wp\/v2\/media?parent=14616"}],"wp:term":[{"taxonomy":"category","embeddable":true,"href":"https:\/\/ligawl.pl\/index.php\/wp-json\/wp\/v2\/categories?post=14616"},{"taxonomy":"post_tag","embeddable":true,"href":"https:\/\/ligawl.pl\/index.php\/wp-json\/wp\/v2\/tags?post=14616"}],"curies":[{"name":"wp","href":"https:\/\/api.w.org\/{rel}","templated":true}]}}