{"id":12260,"date":"2020-09-27T10:23:17","date_gmt":"2020-09-27T08:23:17","guid":{"rendered":"https:\/\/ligawl.pl\/?p=12260"},"modified":"2020-09-27T10:29:06","modified_gmt":"2020-09-27T08:29:06","slug":"najlepsi-wiosennej-edycji-uhonorowani","status":"publish","type":"post","link":"https:\/\/ligawl.pl\/index.php\/2020\/09\/27\/najlepsi-wiosennej-edycji-uhonorowani\/","title":{"rendered":"Najlepsi wiosennej edycji uhonorowani"},"content":{"rendered":"\n<h2 class=\"wp-block-heading\">W sobot\u0119 wieczorem odby\u0142a si\u0119 Gala WL Ligi, podczas kt\u00f3rej nagrodzone zosta\u0142y najlepsze dru\u017cyny i najlepsi zawodnicy wiosennego sezonu. Rozdanie puchar\u00f3w odby\u0142o si\u0119 w Restauracji Podanie mieszcz\u0105cej si\u0119 pod III trybun\u0105 stadionu Lecha Pozna\u0144.<\/h2>\n\n\n\n<p>Gala WL Ligi wr\u00f3ci\u0142a na stadion. Do restauracji Podanie przyby\u0142o blisko 70 os\u00f3b. Najcz\u0119\u015bciej na \u015brodek wywo\u0142ywany by\u0142 Piotr Nowak, kt\u00f3ry podczas gali odebra\u0142 nagrod\u0119 za najlepszego zawodnika sierpnia. Kapitan Yorka otrzyma\u0142 tak\u017ce statuetk\u0119 za najlepszego gracza Superpucharu oraz odebra\u0142 puchar i medale za mistrzostwo WL Ligi i Superpuchar. Hegemoni wiosennej edycji zostali tak\u017ce nagrodzeni za drug\u0105 lokat\u0119 w Pucharze WL Ligi, a tak\u017ce otrzymali dwie nagrody indywidualne w rozgrywkach pierwszej ligi. Najlepszym zawodnikiem zosta\u0142 wybrany Rados\u0142aw Lamch, a w\u015br\u00f3d bramkarzy r\u00f3wnych sobie nie mia\u0142 \u0141ukasz Machowina.<\/p>\n\n\n\n<p>Najliczniejsz\u0105 reprezentacj\u0119 na Gali WL Ligi wystawili FC Nankatsu. Mieli te\u017c co \u015bwi\u0119towa\u0107. Beniaminek rozgrywek wygra\u0142 rywalizacj\u0119 w trzeciej lidze oraz odebra\u0142 br\u0105zowe medale za Puchar WL Ligi. Zdoby\u0142 tak\u017ce trzy wyr\u00f3\u017cnienia indywidualne \u2013 kr\u00f3lem strzelc\u00f3w ligowych i pucharowych rozgrywek zosta\u0142 Marek Kalinowski, a najlepszym bramkarzem 3. WL Ligi \u2013 Marcin Koz\u0142owski.<\/p>\n\n\n\n<p>W Pucharze WL Ligi dosz\u0142o do niecodziennej sytuacji. W\u015br\u00f3d bramkarzy r\u00f3wnych sobie nie mia\u0142 Adam Byda\u0142ek, kt\u00f3ry zosta\u0142 nagrodzony tak\u017ce tytu\u0142em najlepszego zawodnika. Golkiper transkrupki.pl mia\u0142 du\u017cy udzia\u0142 przy wywalczeniu Pucharu WL Ligi. Jego zesp\u00f3\u0142 w fazie pucharowej trzykrotnie wygrywa\u0142 mecze po rzutach karnych, w tym najwa\u017cniejszy fina\u0142owy z Yorkiem. Transkrupka.pl w swoich szeregach mia\u0142a tak\u017ce kr\u00f3la strzelc\u00f3w 1. WL Ligi.<\/p>\n\n\n\n<p>Dzi\u0119kujemy Wam za wiosenn\u0105 edycj\u0119 i naszym partnerom \u2013 AdRunaLine, Lech Pils, TIFO Sklep Dla Kibic\u00f3w, Stowarzyszenie Kibic\u00f3w KOLEJORZ i Unilink &#8211; za wsparcie przy organizacji rozgrywek. Najlepszym gratulujemy!<\/p>\n\n\n\n<h4 class=\"wp-block-heading\">Zwyci\u0119zcy WL Ligi \u2013 Wiosna 2020<\/h4>\n\n\n\n<p class=\"has-medium-font-size\"><strong><em>1. WL Liga<\/em><\/strong><\/p>\n\n\n\n<p>I miejsce \u2013 <strong>YORK<\/strong><br>II miejsce \u2013 <strong>POZNANIACY<\/strong><br>III miejsce \u2013 <strong>GRANT TKANINY<\/strong><\/p>\n\n\n\n<p>Najlepszy zawodnik \u2013 <strong>RADOS\u0141AW LAMCH<\/strong> (York)<br>Najlepszy strzelec \u2013 <strong>BARTOSZ DYLEWSKI<\/strong> (transkrupka.pl)<br>Najlepszy bramkarz \u2013 <strong>\u0141UKASZ MACHOWINA<\/strong> (York)<\/p>\n\n\n\n<p class=\"has-medium-font-size\"><strong><em>2. WL Liga<\/em><\/strong><\/p>\n\n\n\n<p>I miejsce \u2013 <strong>POBIEDZIKI<\/strong><br>II miejsce \u2013 <strong>PIZZERIA DOBRE MIEJSCE 65<\/strong><br>III miejsce \u2013<strong> ATLETICO BLUMARINA<\/strong><\/p>\n\n\n\n<p>Najlepszy zawodnik \u2013 <strong>JAKUB PAWLACZYK<\/strong> (Pobiedziki)<br>Najlepszy strzelec \u2013 <strong>ADRIAN ADAMCZAK<\/strong> (Evertec)<br>Najlepszy bramkarz \u2013 <strong>ADAM G\u00d3RSKI<\/strong> (Atletico Blumarina)<\/p>\n\n\n\n<p class=\"has-medium-font-size\"><strong><em>3. WL Liga<\/em><\/strong><\/p>\n\n\n\n<p>I miejsce \u2013 <strong>FC NANKATSU<\/strong><br>II miejsce \u2013 <strong>PEAKY BLINDERS<\/strong><br>III miejsce \u2013 <strong>KOLIB LUBO\u0143 FC<\/strong><\/p>\n\n\n\n<p>Najlepszy zawodnik \u2013 <strong>KRYSTIAN SK\u00d3RCZY\u0143SKI <\/strong>(Peaky Blinders)<br>Najlepszy strzelec \u2013 <strong>MAREK KALINOWSKI <\/strong>(FC Nankatsu)<br>Najlepszy bramkarz \u2013 <strong>MARCIN KOZ\u0141OWSKI<\/strong> (FC Nankatsu)<\/p>\n\n\n\n<p class=\"has-medium-font-size\"><strong><em>Puchar WL Ligi<\/em><\/strong><\/p>\n\n\n\n<p>I miejsce \u2013 <strong>TRANSKRUPKA.PL<\/strong><br>II miejsce \u2013 <strong>YORK<\/strong><br>II miejsce \u2013 <strong>FC NANKATSU<\/strong><\/p>\n\n\n\n<p>Najlepszy zawodnik \u2013 <strong>ADAM BYDA\u0141EK<\/strong> (transkrupka.pl)<br>Najlepszy strzelec \u2013 <strong>MAREK KALINOWSKI<\/strong> (FC Nankatsu)<br>Najlepszy bramkarz \u2013 <strong>ADAM BYDA\u0141EK<\/strong> (transkrupka.pl)<\/p>\n\n\n\n<p class=\"has-medium-font-size\"><strong><em>TIFO Puchar Wiary Lecha<\/em><\/strong><\/p>\n\n\n\n<p>I miejsce \u2013 <strong>WINIARY FC<\/strong><\/p>\n\n\n\n<p class=\"has-medium-font-size\"><strong><em>Superpuchar WL Ligi<\/em><\/strong><\/p>\n\n\n\n<p>I miejsce \u2013 <strong>YORK<\/strong><br>Najlepszy zawodnik \u2013 <strong>PIOTR NOWAK<\/strong> (York)<\/p>\n","protected":false},"excerpt":{"rendered":"<p>W sobot\u0119 wieczorem odby\u0142a si\u0119 Gala WL Ligi, podczas kt\u00f3rej nagrodzone zosta\u0142y najlepsze dru\u017cyny i najlepsi zawodnicy wiosennego sezonu. Rozdanie puchar\u00f3w odby\u0142o si\u0119 w Restauracji Podanie mieszcz\u0105cej si\u0119 pod III trybun\u0105 stadionu Lecha Pozna\u0144.<\/p>\n","protected":false},"author":2,"featured_media":12261,"comment_status":"open","ping_status":"open","sticky":false,"template":"","format":"standard","meta":{"_jetpack_memberships_contains_paid_content":false,"footnotes":"","jetpack_publicize_message":"","jetpack_publicize_feature_enabled":true,"jetpack_social_post_already_shared":false,"jetpack_social_options":{"image_generator_settings":{"template":"highway","default_image_id":0,"font":"","enabled":false},"version":2}},"categories":[185],"tags":[],"class_list":["post-12260","post","type-post","status-publish","format-standard","has-post-thumbnail","hentry","category-gala-wl-ligi"],"jetpack_publicize_connections":[],"jetpack_featured_media_url":"https:\/\/ligawl.pl\/wp-content\/uploads\/2020\/09\/120222160_2720511424896742_3618518125729381884_n.jpg","jetpack_sharing_enabled":true,"_links":{"self":[{"href":"https:\/\/ligawl.pl\/index.php\/wp-json\/wp\/v2\/posts\/12260","targetHints":{"allow":["GET"]}}],"collection":[{"href":"https:\/\/ligawl.pl\/index.php\/wp-json\/wp\/v2\/posts"}],"about":[{"href":"https:\/\/ligawl.pl\/index.php\/wp-json\/wp\/v2\/types\/post"}],"author":[{"embeddable":true,"href":"https:\/\/ligawl.pl\/index.php\/wp-json\/wp\/v2\/users\/2"}],"replies":[{"embeddable":true,"href":"https:\/\/ligawl.pl\/index.php\/wp-json\/wp\/v2\/comments?post=12260"}],"version-history":[{"count":3,"href":"https:\/\/ligawl.pl\/index.php\/wp-json\/wp\/v2\/posts\/12260\/revisions"}],"predecessor-version":[{"id":12264,"href":"https:\/\/ligawl.pl\/index.php\/wp-json\/wp\/v2\/posts\/12260\/revisions\/12264"}],"wp:featuredmedia":[{"embeddable":true,"href":"https:\/\/ligawl.pl\/index.php\/wp-json\/wp\/v2\/media\/12261"}],"wp:attachment":[{"href":"https:\/\/ligawl.pl\/index.php\/wp-json\/wp\/v2\/media?parent=12260"}],"wp:term":[{"taxonomy":"category","embeddable":true,"href":"https:\/\/ligawl.pl\/index.php\/wp-json\/wp\/v2\/categories?post=12260"},{"taxonomy":"post_tag","embeddable":true,"href":"https:\/\/ligawl.pl\/index.php\/wp-json\/wp\/v2\/tags?post=12260"}],"curies":[{"name":"wp","href":"https:\/\/api.w.org\/{rel}","templated":true}]}}