{"id":12055,"date":"2020-09-15T11:47:58","date_gmt":"2020-09-15T09:47:58","guid":{"rendered":"https:\/\/ligawl.pl\/?p=12055"},"modified":"2020-09-15T11:48:19","modified_gmt":"2020-09-15T09:48:19","slug":"gala-wiosennej-wl-ligi-w-restauracji-podanie","status":"publish","type":"post","link":"https:\/\/ligawl.pl\/index.php\/2020\/09\/15\/gala-wiosennej-wl-ligi-w-restauracji-podanie\/","title":{"rendered":"Gala wiosennej WL Ligi w Restauracji Podanie"},"content":{"rendered":"\n<h2 class=\"wp-block-heading\">Zwyci\u0119zcy wiosennego sezonu zostan\u0105 nagrodzeni na Gali WL Ligi, kt\u00f3ra odb\u0119dzie si\u0119 26 wrze\u015bnia w Restauracji Podanie przy ulicy Bu\u0142garskiej. B\u0119dzie to powr\u00f3t rozda\u0144 nagr\u00f3d na stadion.<\/h2>\n\n\n\n<p>Po ponad roku przerwy Gala WL Ligi wraca na stadion Lecha. W sobot\u0119 26 wrze\u015bnia rozdanie nagr\u00f3d dla najlepszych zespo\u0142\u00f3w i zawodnik\u00f3w wiosennego sezonu odb\u0119dzie si\u0119 w Restauracji Podanie, kt\u00f3ra mie\u015bci si\u0119 pod III trybun\u0105. Pocz\u0105tek zosta\u0142 zaplanowany na godzin\u0119 18:30.<\/p>\n\n\n\n<p><a href=\"https:\/\/www.facebook.com\/restauracjapodanie\/?ref=page_internal\">Profil Restauracji Podanie na facebooku<\/a><br><a href=\"https:\/\/www.instagram.com\/podanie_restauracja\/\">Profil Restauracji Podanie na Instagramie<\/a><\/p>\n\n\n\n<div class=\"wp-block-image\"><figure class=\"aligncenter size-large\"><img loading=\"lazy\" decoding=\"async\" width=\"828\" height=\"465\" src=\"https:\/\/ligawl.pl\/wp-content\/uploads\/2020\/09\/81822445_104378451099239_8513365843487227904_n.jpg\" alt=\"\" class=\"wp-image-12056\" srcset=\"https:\/\/ligawl.pl\/wp-content\/uploads\/2020\/09\/81822445_104378451099239_8513365843487227904_n.jpg 828w, https:\/\/ligawl.pl\/wp-content\/uploads\/2020\/09\/81822445_104378451099239_8513365843487227904_n-300x168.jpg 300w, https:\/\/ligawl.pl\/wp-content\/uploads\/2020\/09\/81822445_104378451099239_8513365843487227904_n-768x431.jpg 768w, https:\/\/ligawl.pl\/wp-content\/uploads\/2020\/09\/81822445_104378451099239_8513365843487227904_n-128x72.jpg 128w, https:\/\/ligawl.pl\/wp-content\/uploads\/2020\/09\/81822445_104378451099239_8513365843487227904_n-32x18.jpg 32w\" sizes=\"auto, (max-width: 828px) 100vw, 828px\" \/><\/figure><\/div>\n","protected":false},"excerpt":{"rendered":"<p>Zwyci\u0119zcy wiosennego sezonu zostan\u0105 nagrodzeni na Gali WL Ligi, kt\u00f3ra odb\u0119dzie si\u0119 26 wrze\u015bnia w Restauracji Podanie przy ulicy Bu\u0142garskiej. B\u0119dzie to powr\u00f3t rozda\u0144 nagr\u00f3d na stadion.<\/p>\n","protected":false},"author":2,"featured_media":12057,"comment_status":"open","ping_status":"open","sticky":false,"template":"","format":"standard","meta":{"_jetpack_memberships_contains_paid_content":false,"footnotes":"","jetpack_publicize_message":"","jetpack_publicize_feature_enabled":true,"jetpack_social_post_already_shared":false,"jetpack_social_options":{"image_generator_settings":{"template":"highway","default_image_id":0,"font":"","enabled":false},"version":2}},"categories":[185],"tags":[],"class_list":["post-12055","post","type-post","status-publish","format-standard","has-post-thumbnail","hentry","category-gala-wl-ligi"],"jetpack_publicize_connections":[],"jetpack_featured_media_url":"https:\/\/ligawl.pl\/wp-content\/uploads\/2020\/09\/1-DSC_1291.jpg","jetpack_sharing_enabled":true,"_links":{"self":[{"href":"https:\/\/ligawl.pl\/index.php\/wp-json\/wp\/v2\/posts\/12055","targetHints":{"allow":["GET"]}}],"collection":[{"href":"https:\/\/ligawl.pl\/index.php\/wp-json\/wp\/v2\/posts"}],"about":[{"href":"https:\/\/ligawl.pl\/index.php\/wp-json\/wp\/v2\/types\/post"}],"author":[{"embeddable":true,"href":"https:\/\/ligawl.pl\/index.php\/wp-json\/wp\/v2\/users\/2"}],"replies":[{"embeddable":true,"href":"https:\/\/ligawl.pl\/index.php\/wp-json\/wp\/v2\/comments?post=12055"}],"version-history":[{"count":3,"href":"https:\/\/ligawl.pl\/index.php\/wp-json\/wp\/v2\/posts\/12055\/revisions"}],"predecessor-version":[{"id":12060,"href":"https:\/\/ligawl.pl\/index.php\/wp-json\/wp\/v2\/posts\/12055\/revisions\/12060"}],"wp:featuredmedia":[{"embeddable":true,"href":"https:\/\/ligawl.pl\/index.php\/wp-json\/wp\/v2\/media\/12057"}],"wp:attachment":[{"href":"https:\/\/ligawl.pl\/index.php\/wp-json\/wp\/v2\/media?parent=12055"}],"wp:term":[{"taxonomy":"category","embeddable":true,"href":"https:\/\/ligawl.pl\/index.php\/wp-json\/wp\/v2\/categories?post=12055"},{"taxonomy":"post_tag","embeddable":true,"href":"https:\/\/ligawl.pl\/index.php\/wp-json\/wp\/v2\/tags?post=12055"}],"curies":[{"name":"wp","href":"https:\/\/api.w.org\/{rel}","templated":true}]}}