{"id":10264,"date":"2020-06-13T08:50:46","date_gmt":"2020-06-13T06:50:46","guid":{"rendered":"https:\/\/ligawl.pl\/?p=10264"},"modified":"2020-06-13T12:48:30","modified_gmt":"2020-06-13T10:48:30","slug":"finaly-edifier-e-wl-liga-cup-na-zywo","status":"publish","type":"post","link":"https:\/\/ligawl.pl\/index.php\/2020\/06\/13\/finaly-edifier-e-wl-liga-cup-na-zywo\/","title":{"rendered":"Fina\u0142y Edifier e-WL Liga Cup na \u017cywo"},"content":{"rendered":"\n<p class=\"has-medium-font-size\"><strong>Dzi\u015b w o\u015brodku Kibice Razem-Lech Pozna\u0144 odbywaj\u0105 si\u0119 fina\u0142y II edycji Edifier e-WL Liga Cup. Zapraszamy na relacj\u0119 na \u017cywo z indywidualnych zmaga\u0144 w wirtualn\u0105 pi\u0142k\u0119 no\u017cn\u0105. <\/strong><\/p>\n\n\n\n<p><strong>Wyniki fazy fina\u0142owej II edycji Edifier e-WL Liga Cup<\/strong>&nbsp;| 13.06.2020<\/p>\n\n\n\n<p><strong>Faza grupowa<\/strong><\/p>\n\n\n\n<p>Krystian Zalewski <em>(KzS Team, Barcelona)<\/em> \u2013 Olivier Zalewski <em>(KzS Team, Barcelona)<\/em> <strong>2:1<\/strong><br>Olivier Z \u2013 Adam Nowak <em>(FC Galary, Liverpool)<\/em> <strong>3:2<\/strong><br>Miko\u0142aj Nowak <em>(OPL Team, Real)<\/em> \u2013 Sebastian Nawrot <em>(OPL Team, Barcelona)<\/em> <strong>1:2<\/strong><br>Krystian Z \u2013 Adam N <strong>3:0<\/strong><br>Olivier Z \u2013 Miko\u0142aj N <strong>4:0<\/strong><br>Krystian Z \u2013 Sebastian N <strong>3:0<\/strong><br>Adam N \u2013 Miko\u0142aj N <strong>1:2<\/strong><br>Sebastian N \u2013 Olivier Z <strong>1:5<\/strong><br>Krystian Z \u2013 Miko\u0142aj N <strong>2:2<\/strong><br>Sebastian N \u2013 Adam N <strong>2:1<\/strong><\/p>\n\n\n\n<figure class=\"wp-block-table aligncenter\"><table><tbody><tr><td class=\"has-text-align-left\" data-align=\"left\">Miejsce<\/td><td>Zawodnik<\/td><td>M<\/td><td>Pkt<\/td><td>Br <\/td><\/tr><tr><td class=\"has-text-align-left\" data-align=\"left\">1.<\/td><td>Krystian Z<\/td><td>4<\/td><td>10<\/td><td>10:3<\/td><\/tr><tr><td class=\"has-text-align-left\" data-align=\"left\">2.<\/td><td>Oliwier Z<\/td><td>4<\/td><td>9<\/td><td>13:5<\/td><\/tr><tr><td class=\"has-text-align-left\" data-align=\"left\">3.<\/td><td>Sebastian N<\/td><td>4<\/td><td>6<\/td><td>5:10<\/td><\/tr><tr><td class=\"has-text-align-left\" data-align=\"left\">4.<\/td><td>Miko\u0142aj N<\/td><td>4<\/td><td>3<\/td><td>3:7<\/td><\/tr><tr><td class=\"has-text-align-left\" data-align=\"left\">5.<\/td><td>Adam N<\/td><td>4<\/td><td>0<\/td><td>4:10<\/td><\/tr><\/tbody><\/table><\/figure>\n\n\n\n<p><strong>1\/2 fina\u0142u<\/strong><\/p>\n\n\n\n<p>Miko\u0142aj N \u2013 Krystian Z <strong>0:1<\/strong> <br>Sebastian N \u2013 Oliwier Z <strong>0:1<\/strong><br>Krystian Z \u2013 Miko\u0142aj N <strong>2:0<\/strong><br>Oliwier Z \u2013 Sebastian N <strong>5:0<\/strong><\/p>\n\n\n\n<p><strong>Mecz o 3 miejsce<\/strong><\/p>\n\n\n\n<p>Sebastian N \u2013 Miko\u0142aj N <strong>0:4<\/strong><br>Miko\u0142aj N \u2013 Sebastian N <strong>3:1<\/strong><\/p>\n\n\n\n<p><strong>Fina\u0142<\/strong><\/p>\n\n\n\n<p>Krystian Z \u2013 Oliwier Z <strong>0:2<\/strong><br>Oliwier Z \u2013 Krystian Z <strong>1:2<\/strong><\/p>\n","protected":false},"excerpt":{"rendered":"<p>Dzi\u015b w o\u015brodku Kibice Razem-Lech Pozna\u0144 odbywaj\u0105 si\u0119 fina\u0142y II edycji Edifier e-WL Liga Cup. Zapraszamy na relacj\u0119 na \u017cywo z indywidualnych zmaga\u0144 w wirtualn\u0105 pi\u0142k\u0119 no\u017cn\u0105. <\/p>\n","protected":false},"author":2,"featured_media":10265,"comment_status":"open","ping_status":"open","sticky":false,"template":"","format":"standard","meta":{"_jetpack_memberships_contains_paid_content":false,"footnotes":"","jetpack_publicize_message":"","jetpack_publicize_feature_enabled":true,"jetpack_social_post_already_shared":false,"jetpack_social_options":{"image_generator_settings":{"template":"highway","default_image_id":0,"font":"","enabled":false},"version":2}},"categories":[68],"tags":[],"class_list":["post-10264","post","type-post","status-publish","format-standard","has-post-thumbnail","hentry","category-e-wl-liga"],"jetpack_publicize_connections":[],"jetpack_featured_media_url":"https:\/\/ligawl.pl\/wp-content\/uploads\/2020\/06\/IMG_20200613_082535.jpg","jetpack_sharing_enabled":true,"_links":{"self":[{"href":"https:\/\/ligawl.pl\/index.php\/wp-json\/wp\/v2\/posts\/10264","targetHints":{"allow":["GET"]}}],"collection":[{"href":"https:\/\/ligawl.pl\/index.php\/wp-json\/wp\/v2\/posts"}],"about":[{"href":"https:\/\/ligawl.pl\/index.php\/wp-json\/wp\/v2\/types\/post"}],"author":[{"embeddable":true,"href":"https:\/\/ligawl.pl\/index.php\/wp-json\/wp\/v2\/users\/2"}],"replies":[{"embeddable":true,"href":"https:\/\/ligawl.pl\/index.php\/wp-json\/wp\/v2\/comments?post=10264"}],"version-history":[{"count":25,"href":"https:\/\/ligawl.pl\/index.php\/wp-json\/wp\/v2\/posts\/10264\/revisions"}],"predecessor-version":[{"id":10296,"href":"https:\/\/ligawl.pl\/index.php\/wp-json\/wp\/v2\/posts\/10264\/revisions\/10296"}],"wp:featuredmedia":[{"embeddable":true,"href":"https:\/\/ligawl.pl\/index.php\/wp-json\/wp\/v2\/media\/10265"}],"wp:attachment":[{"href":"https:\/\/ligawl.pl\/index.php\/wp-json\/wp\/v2\/media?parent=10264"}],"wp:term":[{"taxonomy":"category","embeddable":true,"href":"https:\/\/ligawl.pl\/index.php\/wp-json\/wp\/v2\/categories?post=10264"},{"taxonomy":"post_tag","embeddable":true,"href":"https:\/\/ligawl.pl\/index.php\/wp-json\/wp\/v2\/tags?post=10264"}],"curies":[{"name":"wp","href":"https:\/\/api.w.org\/{rel}","templated":true}]}}