{"id":10001,"date":"2020-06-01T10:43:06","date_gmt":"2020-06-01T08:43:06","guid":{"rendered":"https:\/\/ligawl.pl\/?p=10001"},"modified":"2020-06-03T08:40:16","modified_gmt":"2020-06-03T06:40:16","slug":"wybieramy-najlepszego-zawodnika-marca-i-maja","status":"publish","type":"post","link":"https:\/\/ligawl.pl\/index.php\/2020\/06\/01\/wybieramy-najlepszego-zawodnika-marca-i-maja\/","title":{"rendered":"Wybieramy najlepszego zawodnika marca i maja"},"content":{"rendered":"\n<h3 class=\"wp-block-heading\">Wr\u00f3ci\u0142y rozgrywki, wr\u00f3ci\u0142y te\u017c wybory najlepszego zawodnika miesi\u0105ca. Na pocz\u0105tku czerwca wybierzemy &#8230; AdRunaLine Zawodnika Marca\/Maja. <\/h3>\n\n\n\n<h4 class=\"wp-block-heading\">Przed losowaniem<\/h4>\n\n\n\n<p>To by\u0142y dziwne trzy miesi\u0105ce. 1 marca zako\u0144czyli\u015bmy edycj\u0119 futsalow\u0105, a dzie\u0144 p\u00f3\u017aniej wy\u0142onili\u015bmy zwyci\u0119zc\u0119 Superpucharu na otwartym boisku. 3 marca ruszy\u0142y wiosenne rozgrywki ligowe, kt\u00f3re zosta\u0142y zastopowane przez koronawirusa 10 marca. Na kolejne pojedynki trzeba by\u0142o czeka\u0107 a\u017c do 21 maja, kiedy to rozegrana zosta\u0142a trzecia kolejka wiosny. Opr\u00f3cz zmaga\u0144 na boisku zawiesili\u015bmy tak\u017ce wybory najlepszych zawodnik\u00f3w miesi\u0105ca. Po okresie bezczynno\u015bci odmrozili\u015bmy plebiscyt. Ten po pandemii b\u0119dzie wyj\u0105tkowy, gdy\u017c zostanie wybrany najlepszy zawodnik po\u0142\u0105czonych miesi\u0119cy &#8211; marca i maja. <\/p>\n\n\n\n<h4 class=\"wp-block-heading\">Nominacje<\/h4>\n\n\n\n<p>Tradycyjnie do walki o tytu\u0142 najlepszego zawodnika miesi\u0105ca zosta\u0142o wybranych pi\u0119ciu wyr\u00f3\u017cniaj\u0105cych si\u0119 zawodnik\u00f3w. <\/p>\n\n\n\n<p><strong>Rados\u0142aw Lamch<\/strong> (York) &#8211; wiosenny sezon rozpocz\u0105\u0142 od wywalczenia Superpucharu WL Ligi, w kt\u00f3rym zosta\u0142 wybrany najlepszym zawodnikiem. W finale rozgrywki zdoby\u0142 dwie bramki otwieraj\u0105ce wynik spotkania zako\u0144czonego pewnym zwyci\u0119stwem 5:1. W lidze r\u00f3wnie\u017c gra\u0142 bardzo dobrze. Jego dru\u017cyna wygra\u0142a oba spotkania, w kt\u00f3rych Lamch zdoby\u0142 po bramce. <\/p>\n\n\n\n<p><strong>Micha\u0142 Mirecki<\/strong> (RKS Chuwdu, York) &#8211; w ostatniej futsalowej kolejce zgarn\u0105\u0142 mistrzostwo i Puchar WL Ligi, a dzie\u0144 p\u00f3\u017aniej si\u0119gn\u0105\u0142 po Superpuchar WL Ligi. W rozgrywkach wiosennych uczestniczy\u0142 we wszystkich spotkaniach Yorka, kt\u00f3ry jest liderem elity z kompletem zwyci\u0119stw. <\/p>\n\n\n\n<p><strong>Rados\u0142aw Mr\u00f3z <\/strong>(Luis&amp;Sp\u00f3\u0142ka, Almatur Biuro Podr\u00f3\u017cy) &#8211; na zako\u0144czenie rozgrywek pod dachem si\u0119gn\u0105\u0142 z Luis&amp;Sp\u00f3\u0142ka po Puchar Wiary Lecha. Na wiosn\u0119 radzi sobie znakomicie. Almatur prowadzi w tabeli z dwiema wygranymi na koncie. Mr\u00f3z jest liderem klasyfikacji strzelc\u00f3w z dziesi\u0119ciom bramkami, kt\u00f3re zdoby\u0142 w ledwie dw\u00f3ch spotkaniach. <\/p>\n\n\n\n<p><strong>Gracjan Pachelski<\/strong> (RKS Chuwdu) &#8211; pierwszoplanowa posta\u0107 ostatniej kolejki Futsal WL Ligi i ojciec zwyci\u0119stw RKS-u Chuwdu, kt\u00f3re da\u0142y tej dru\u017cynie mistrzostwo i Puchar WL Ligi. Strzeli\u0142 tego dnia wszystkie bramki dla swojego zespo\u0142u. Zosta\u0142 wybrany najlepszym zawodnikiem Pucharu Futsal WL Ligi. <\/p>\n\n\n\n<p><strong>Filip Tr\u0119bacz<\/strong> (Poznaniacy) &#8211; na zako\u0144czenie rozgrywek futsalowych poprowadzi\u0142 Poznaniak\u00f3w do wicemistrzostwa b\u0119d\u0105c pierwszoplanow\u0105 postaci\u0105 pojedynku z EW (6:1). Po powrocie na otwarte boiska popisa\u0142 si\u0119 hattrickiem w meczu z Brag\u0105 oraz strzeli\u0142 wa\u017cnego gola z Synami Gehenny. Dzi\u0119ki mi\u0119dzy innymi jego bardzo dobrej grze Poznaniacy maj\u0105 na koncie komplet zwyci\u0119stw. <\/p>\n\n\n\n<h4 class=\"wp-block-heading\">Jak g\u0142osujemy<\/h4>\n\n\n\n<p>Obecnie g\u0142osy oddaj\u0105 kapitanowie, s\u0119dziowie oraz organizator. Na ligowy adres mailowy wysy\u0142aj\u0105 wybranych trzech zawodnik\u00f3w na miejscach 1, 2 i 3. Ka\u017cda lokata jest inaczej punktowana. Najwy\u017cej sklasyfikowany zawodnik otrzymuje pi\u0119\u0107 punkt\u00f3w, kolejni odpowiednio trzy i jeden punkt. We wtorek 2 czerwca do g\u0142osowania b\u0119d\u0105 mogli do\u0142\u0105czy\u0107 fejsbukowicze. Ich g\u0142osy b\u0119d\u0105 liczy\u0142y si\u0119 jak jeden. W przypadku r\u00f3wnej liczby punkt\u00f3w o kolejno\u015bci decydowa\u0107 b\u0119d\u0105 kolejno: liczba pierwszych miejsc, liczba nominacji do pierwszej tr\u00f3jki.&nbsp;<\/p>\n\n\n\n<p>Laureat przy okazji 6. kolejki, kt\u00f3ra zosta\u0142a zaplanowana w dniach 8 &#8211; 14 czerwca, otrzyma gad\u017cet partnera rozgrywek AdRunaLine Sports i pami\u0105tkow\u0105 statuetk\u0119. Wyniki g\u0142osowania, kt\u00f3re potrwa do 4 czerwca  zostan\u0105 og\u0142oszone dzie\u0144 p\u00f3\u017aniej.<\/p>\n","protected":false},"excerpt":{"rendered":"<p>Wr\u00f3ci\u0142y rozgrywki, wr\u00f3ci\u0142y te\u017c wybory najlepszego zawodnika miesi\u0105ca. Na pocz\u0105tku czerwca wybierzemy &#8230; AdRunaLine Zawodnika Marca\/Maja. <\/p>\n","protected":false},"author":2,"featured_media":10003,"comment_status":"open","ping_status":"open","sticky":false,"template":"","format":"standard","meta":{"_jetpack_memberships_contains_paid_content":false,"footnotes":"","jetpack_publicize_message":"","jetpack_publicize_feature_enabled":true,"jetpack_social_post_already_shared":false,"jetpack_social_options":{"image_generator_settings":{"template":"highway","default_image_id":0,"font":"","enabled":false},"version":2}},"categories":[176],"tags":[],"class_list":["post-10001","post","type-post","status-publish","format-standard","has-post-thumbnail","hentry","category-najlepszy-zawodnik-miesiaca"],"jetpack_publicize_connections":[],"jetpack_featured_media_url":"https:\/\/ligawl.pl\/wp-content\/uploads\/2020\/06\/1-DSC_6947.jpg","jetpack_sharing_enabled":true,"_links":{"self":[{"href":"https:\/\/ligawl.pl\/index.php\/wp-json\/wp\/v2\/posts\/10001","targetHints":{"allow":["GET"]}}],"collection":[{"href":"https:\/\/ligawl.pl\/index.php\/wp-json\/wp\/v2\/posts"}],"about":[{"href":"https:\/\/ligawl.pl\/index.php\/wp-json\/wp\/v2\/types\/post"}],"author":[{"embeddable":true,"href":"https:\/\/ligawl.pl\/index.php\/wp-json\/wp\/v2\/users\/2"}],"replies":[{"embeddable":true,"href":"https:\/\/ligawl.pl\/index.php\/wp-json\/wp\/v2\/comments?post=10001"}],"version-history":[{"count":2,"href":"https:\/\/ligawl.pl\/index.php\/wp-json\/wp\/v2\/posts\/10001\/revisions"}],"predecessor-version":[{"id":10051,"href":"https:\/\/ligawl.pl\/index.php\/wp-json\/wp\/v2\/posts\/10001\/revisions\/10051"}],"wp:featuredmedia":[{"embeddable":true,"href":"https:\/\/ligawl.pl\/index.php\/wp-json\/wp\/v2\/media\/10003"}],"wp:attachment":[{"href":"https:\/\/ligawl.pl\/index.php\/wp-json\/wp\/v2\/media?parent=10001"}],"wp:term":[{"taxonomy":"category","embeddable":true,"href":"https:\/\/ligawl.pl\/index.php\/wp-json\/wp\/v2\/categories?post=10001"},{"taxonomy":"post_tag","embeddable":true,"href":"https:\/\/ligawl.pl\/index.php\/wp-json\/wp\/v2\/tags?post=10001"}],"curies":[{"name":"wp","href":"https:\/\/api.w.org\/{rel}","templated":true}]}}